{"id":35375,"date":"2019-05-20T06:45:00","date_gmt":"2019-05-20T10:45:00","guid":{"rendered":"https:\/\/linitiative.ca\/International\/le-proces-dali-haddad-reporte-au-3-juin\/"},"modified":"2019-05-20T06:45:00","modified_gmt":"2019-05-20T10:45:00","slug":"le-proces-dali-haddad-reporte-au-3-juin","status":"publish","type":"post","link":"https:\/\/linitiative.ca\/International\/le-proces-dali-haddad-reporte-au-3-juin\/","title":{"rendered":"Le proc\u00e8s d&rsquo;Ali Haddad report\u00e9 au 3 juin"},"content":{"rendered":"<div id=\"originalText\" readability=\"48\">\n<p>Le proc\u00e8s du patron de l&rsquo;ETRHB, Ali Haddad, dont l&rsquo;ouverture \u00e9tait pr\u00e9vue ce lundi 20 mai,\u00a0au tribunal de Bir Mourad Ra\u00efs, a \u00e9t\u00e9 report\u00e9 au 03 juin, pour absence des t\u00e9moins, a-t-on constat\u00e9 sur place.\u00a0<\/p>\n<p>En d\u00e9tention provisoire \u00e0 la prison d&rsquo;El Harrach depuis le 3 avril, Ali Haddad est poursuivi pour faux et usage de faux dans le cadre de l&rsquo;affaire des deux passeports trouv\u00e9s en sa possession, alors qu&rsquo;il tentait de quitter le territoire nationale par le poste frontalier d&rsquo;Oum Teboul, dans la nuit du 31 mars au 1er avril.\u00a0<\/p>\n<p class=\"c10\"><strong>R\u00e9daction Web\u00a0<\/strong><\/p>\n<\/div>\n<div id=\"text_core\" readability=\"48\">\n<p>Le proc\u00e8s du patron de l&rsquo;ETRHB, Ali Haddad, dont l&rsquo;ouverture \u00e9tait pr\u00e9vue ce lundi 20 mai,\u00a0au tribunal de Bir Mourad Ra\u00efs, a \u00e9t\u00e9 report\u00e9 au 03 juin, pour absence des t\u00e9moins, a-t-on constat\u00e9 sur place.\u00a0<\/p>\n<p>En d\u00e9tention provisoire \u00e0 la prison d&rsquo;El Harrach depuis le 3 avril, Ali Haddad est poursuivi pour faux et usage de faux dans le cadre de l&rsquo;affaire des deux passeports trouv\u00e9s en sa possession, alors qu&rsquo;il tentait de quitter le territoire nationale par le poste frontalier d&rsquo;Oum Teboul, dans la nuit du 31 mars au 1er avril.\u00a0<\/p>\n<p class=\"c10\"><strong>R\u00e9daction Web\u00a0<\/strong><\/p>\n<\/div>\n<p>Auteur:<br \/>\n<a href=\"https:\/\/www.liberte-algerie.com\/actualite\/le-proces-dali-haddad-reporte-au-3-juin-316248\">Cliquez ici pour lire l&rsquo;article depuis sa source.<\/a><\/p>\n","protected":false},"excerpt":{"rendered":"<p>Le proc\u00e8s du patron de l&rsquo;ETRHB, Ali Haddad, dont l&rsquo;ouverture \u00e9tait pr\u00e9vue ce lundi 20 mai,\u00a0au tribunal de Bir Mourad Ra\u00efs, a \u00e9t\u00e9 report\u00e9 au 03 juin, pour absence des t\u00e9moins, a-t-on constat\u00e9 sur place.\u00a0 En d\u00e9tention provisoire \u00e0 la prison d&rsquo;El Harrach depuis le 3 avril, Ali Haddad est poursuivi pour faux et usage [&hellip;]<\/p>\n","protected":false},"author":1742,"featured_media":0,"comment_status":"closed","ping_status":"closed","sticky":false,"template":"","format":"standard","meta":{"fifu_image_url":"","fifu_image_alt":"","footnotes":""},"categories":[73,53],"tags":[],"class_list":["post-35375","post","type-post","status-publish","format-standard","hentry","category-actualite","category-algerie"],"_links":{"self":[{"href":"https:\/\/linitiative.ca\/International\/wp-json\/wp\/v2\/posts\/35375","targetHints":{"allow":["GET"]}}],"collection":[{"href":"https:\/\/linitiative.ca\/International\/wp-json\/wp\/v2\/posts"}],"about":[{"href":"https:\/\/linitiative.ca\/International\/wp-json\/wp\/v2\/types\/post"}],"author":[{"embeddable":true,"href":"https:\/\/linitiative.ca\/International\/wp-json\/wp\/v2\/users\/1742"}],"replies":[{"embeddable":true,"href":"https:\/\/linitiative.ca\/International\/wp-json\/wp\/v2\/comments?post=35375"}],"version-history":[{"count":0,"href":"https:\/\/linitiative.ca\/International\/wp-json\/wp\/v2\/posts\/35375\/revisions"}],"wp:attachment":[{"href":"https:\/\/linitiative.ca\/International\/wp-json\/wp\/v2\/media?parent=35375"}],"wp:term":[{"taxonomy":"category","embeddable":true,"href":"https:\/\/linitiative.ca\/International\/wp-json\/wp\/v2\/categories?post=35375"},{"taxonomy":"post_tag","embeddable":true,"href":"https:\/\/linitiative.ca\/International\/wp-json\/wp\/v2\/tags?post=35375"}],"curies":[{"name":"wp","href":"https:\/\/api.w.org\/{rel}","templated":true}]}}