{"id":35380,"date":"2019-05-20T10:00:00","date_gmt":"2019-05-20T14:00:00","guid":{"rendered":"https:\/\/linitiative.ca\/International\/gaid-salah-juge-irraisonnable-les-revendications-du-peuple\/"},"modified":"2019-05-20T10:00:00","modified_gmt":"2019-05-20T14:00:00","slug":"gaid-salah-juge-irraisonnable-les-revendications-du-peuple","status":"publish","type":"post","link":"https:\/\/linitiative.ca\/International\/gaid-salah-juge-irraisonnable-les-revendications-du-peuple\/","title":{"rendered":"Ga\u00efd Salah juge \u00abirraisonnable\u00bb les revendications du peuple"},"content":{"rendered":"<div id=\"originalText\" readability=\"88\">\n<p>Le g\u00e9n\u00e9ral de corps d\u2019arm\u00e9e, Ahmed Ga\u00efd Salah, vice-ministre de la d\u00e9fense, chef d\u2019\u00e9tat-major de l\u2019ANP, a consid\u00e9r\u00e9, ce lundi, \u00e0 partir d\u2019Ouragla (4e r\u00e9gion militaire), o\u00f9 il effectue une visite de travail, qu\u2019\u00abil devient imp\u00e9ratif de revoir la mani\u00e8re d\u2019organiser ces manifestations et la n\u00e9cessit\u00e9 de les encadrer par des personnes ayant un esprit nationaliste responsable, qui craignent Allah quand il s\u2019agit de leur peuple, leur patrie et les institutions de leur Etat\u00bb.<\/p>\n<p>\u00abDes personnes\u00bb, poursuit-il, qui \u00ab\u0153uvrent \u00e0 transmettre les revendications populaires dans le cadre d\u2019un dialogue s\u00e9rieux et constructif avec les institutions de l\u2019Etat, prenant en consid\u00e9ration les revendications r\u00e9alis\u00e9es jusqu\u2019\u00e0 pr\u00e9sent, gr\u00e2ce \u00e0 l\u2019accompagnement permanent de l\u2019Arm\u00e9e Nationale Populaire, qui s\u2019est engag\u00e9e \u00e0 ne pas \u00eatre partie prenante \u00e0 ce dialogue escompt\u00e9\u00bb, lit-on dans un communiqu\u00e9 rendu public par le MDN.<\/p>\n<p>Ga\u00efd Salah consid\u00e8re \u00e9galement qu\u2019\u00abil est pr\u00e9f\u00e9rable que les marches se caract\u00e9risent par un niveau raisonnable et suffisant d\u2019organisation et d\u2019encadrement efficace pour faire \u00e9merger de vrais repr\u00e9sentants qui se distinguent par leur sinc\u00e9rit\u00e9 et int\u00e9grit\u00e9 pour transmettre les revendications l\u00e9gitimes de ces marches\u00bb.<\/p>\n<p>Ce qui aux yeux du chef d\u2019\u00e9tat-major de l\u2019arm\u00e9e, \u00e9vitera \u00abtoute forme d\u2019anarchie et de tomber dans le pi\u00e8ge de l\u2019infiltration par des individus ayant des plans suspects qui utilisent ses manifestations comme un portail pour scander leurs slogans et brandir leurs banni\u00e8res, et une passerelle pour transmettre certaines revendications irrationnelles, telle que l\u2019exigence du d\u00e9part collectif de tous les cadres de l\u2019Etat, sous pr\u00e9texte qu\u2019ils repr\u00e9sentent les symboles du syst\u00e8me\u00bb.<\/p>\n<p>Ainsi, il s\u2019agit pour lui d\u2019\u00abune revendication non objective et irraisonnable, voire dangereuse et malveillante, qui vise \u00e0 d\u00e9poss\u00e9der les institutions de l\u2019Etat de ses cadres et les d\u00e9nigrer. Ces cadres qui ont eu le m\u00e9rite de servir leur pays \u00e0 tous les niveaux, avec int\u00e9grit\u00e9 et d\u00e9vouement, et nul n\u2019a le droit de se substituer \u00e0 la justice en leur prof\u00e9rant des accusations et en r\u00e9clamant leur d\u00e9part\u00bb.<\/p>\n<p>Dans le m\u00eame contexte, Ahmed Ga\u00efd Salah s\u2019interroge \u00absur l\u2019absence flagrante des personnalit\u00e9s nationales, des \u00e9lites et des comp\u00e9tences nationales face aux \u00e9v\u00e8nements et \u00e9volutions acc\u00e9l\u00e9r\u00e9s que connait notre pays et qui requi\u00e8rent des propositions constructives \u00e0 m\u00eame de rapprocher les points de vue divergents\u00bb. Ceci, avant de conclure que \u00abceux qui veulent maintenir le pays dans l\u2019impasse sont des individus et des entit\u00e9s qui tentent sciemment de nous mener vers le vide constitutionnel avec tous les risques et menaces qu\u2019il peut comporter\u00bb.<\/p>\n<p class=\"c10\"><strong>R\u00e9daction Web<\/strong><\/p>\n<\/div>\n<div id=\"text_core\" readability=\"88\">\n<p>Le g\u00e9n\u00e9ral de corps d\u2019arm\u00e9e, Ahmed Ga\u00efd Salah, vice-ministre de la d\u00e9fense, chef d\u2019\u00e9tat-major de l\u2019ANP, a consid\u00e9r\u00e9, ce lundi, \u00e0 partir d\u2019Ouragla (4e r\u00e9gion militaire), o\u00f9 il effectue une visite de travail, qu\u2019\u00abil devient imp\u00e9ratif de revoir la mani\u00e8re d\u2019organiser ces manifestations et la n\u00e9cessit\u00e9 de les encadrer par des personnes ayant un esprit nationaliste responsable, qui craignent Allah quand il s\u2019agit de leur peuple, leur patrie et les institutions de leur Etat\u00bb.<\/p>\n<p>\u00abDes personnes\u00bb, poursuit-il, qui \u00ab\u0153uvrent \u00e0 transmettre les revendications populaires dans le cadre d\u2019un dialogue s\u00e9rieux et constructif avec les institutions de l\u2019Etat, prenant en consid\u00e9ration les revendications r\u00e9alis\u00e9es jusqu\u2019\u00e0 pr\u00e9sent, gr\u00e2ce \u00e0 l\u2019accompagnement permanent de l\u2019Arm\u00e9e Nationale Populaire, qui s\u2019est engag\u00e9e \u00e0 ne pas \u00eatre partie prenante \u00e0 ce dialogue escompt\u00e9\u00bb, lit-on dans un communiqu\u00e9 rendu public par le MDN.<\/p>\n<p>Ga\u00efd Salah consid\u00e8re \u00e9galement qu\u2019\u00abil est pr\u00e9f\u00e9rable que les marches se caract\u00e9risent par un niveau raisonnable et suffisant d\u2019organisation et d\u2019encadrement efficace pour faire \u00e9merger de vrais repr\u00e9sentants qui se distinguent par leur sinc\u00e9rit\u00e9 et int\u00e9grit\u00e9 pour transmettre les revendications l\u00e9gitimes de ces marches\u00bb.<\/p>\n<p>Ce qui aux yeux du chef d\u2019\u00e9tat-major de l\u2019arm\u00e9e, \u00e9vitera \u00abtoute forme d\u2019anarchie et de tomber dans le pi\u00e8ge de l\u2019infiltration par des individus ayant des plans suspects qui utilisent ses manifestations comme un portail pour scander leurs slogans et brandir leurs banni\u00e8res, et une passerelle pour transmettre certaines revendications irrationnelles, telle que l\u2019exigence du d\u00e9part collectif de tous les cadres de l\u2019Etat, sous pr\u00e9texte qu\u2019ils repr\u00e9sentent les symboles du syst\u00e8me\u00bb.<\/p>\n<p>Ainsi, il s\u2019agit pour lui d\u2019\u00abune revendication non objective et irraisonnable, voire dangereuse et malveillante, qui vise \u00e0 d\u00e9poss\u00e9der les institutions de l\u2019Etat de ses cadres et les d\u00e9nigrer. Ces cadres qui ont eu le m\u00e9rite de servir leur pays \u00e0 tous les niveaux, avec int\u00e9grit\u00e9 et d\u00e9vouement, et nul n\u2019a le droit de se substituer \u00e0 la justice en leur prof\u00e9rant des accusations et en r\u00e9clamant leur d\u00e9part\u00bb.<\/p>\n<p>Dans le m\u00eame contexte, Ahmed Ga\u00efd Salah s\u2019interroge \u00absur l\u2019absence flagrante des personnalit\u00e9s nationales, des \u00e9lites et des comp\u00e9tences nationales face aux \u00e9v\u00e8nements et \u00e9volutions acc\u00e9l\u00e9r\u00e9s que connait notre pays et qui requi\u00e8rent des propositions constructives \u00e0 m\u00eame de rapprocher les points de vue divergents\u00bb. Ceci, avant de conclure que \u00abceux qui veulent maintenir le pays dans l\u2019impasse sont des individus et des entit\u00e9s qui tentent sciemment de nous mener vers le vide constitutionnel avec tous les risques et menaces qu\u2019il peut comporter\u00bb.<\/p>\n<p class=\"c10\"><strong>R\u00e9daction Web<\/strong><\/p>\n<\/div>\n<p>Auteur:<br \/>\n<a href=\"https:\/\/www.liberte-algerie.com\/actualite\/gaid-salah-juge-irraisonnable-les-revendications-du-peuple-316252\">Cliquez ici pour lire l&rsquo;article depuis sa source.<\/a><\/p>\n","protected":false},"excerpt":{"rendered":"<p>Le g\u00e9n\u00e9ral de corps d\u2019arm\u00e9e, Ahmed Ga\u00efd Salah, vice-ministre de la d\u00e9fense, chef d\u2019\u00e9tat-major de l\u2019ANP, a consid\u00e9r\u00e9, ce lundi, \u00e0 partir d\u2019Ouragla (4e r\u00e9gion militaire), o\u00f9 il effectue une visite de travail, qu\u2019\u00abil devient imp\u00e9ratif de revoir la mani\u00e8re d\u2019organiser ces manifestations et la n\u00e9cessit\u00e9 de les encadrer par des personnes ayant un esprit [&hellip;]<\/p>\n","protected":false},"author":1742,"featured_media":0,"comment_status":"closed","ping_status":"closed","sticky":false,"template":"","format":"standard","meta":{"fifu_image_url":"","fifu_image_alt":"","footnotes":""},"categories":[73,53],"tags":[],"class_list":["post-35380","post","type-post","status-publish","format-standard","hentry","category-actualite","category-algerie"],"_links":{"self":[{"href":"https:\/\/linitiative.ca\/International\/wp-json\/wp\/v2\/posts\/35380","targetHints":{"allow":["GET"]}}],"collection":[{"href":"https:\/\/linitiative.ca\/International\/wp-json\/wp\/v2\/posts"}],"about":[{"href":"https:\/\/linitiative.ca\/International\/wp-json\/wp\/v2\/types\/post"}],"author":[{"embeddable":true,"href":"https:\/\/linitiative.ca\/International\/wp-json\/wp\/v2\/users\/1742"}],"replies":[{"embeddable":true,"href":"https:\/\/linitiative.ca\/International\/wp-json\/wp\/v2\/comments?post=35380"}],"version-history":[{"count":0,"href":"https:\/\/linitiative.ca\/International\/wp-json\/wp\/v2\/posts\/35380\/revisions"}],"wp:attachment":[{"href":"https:\/\/linitiative.ca\/International\/wp-json\/wp\/v2\/media?parent=35380"}],"wp:term":[{"taxonomy":"category","embeddable":true,"href":"https:\/\/linitiative.ca\/International\/wp-json\/wp\/v2\/categories?post=35380"},{"taxonomy":"post_tag","embeddable":true,"href":"https:\/\/linitiative.ca\/International\/wp-json\/wp\/v2\/tags?post=35380"}],"curies":[{"name":"wp","href":"https:\/\/api.w.org\/{rel}","templated":true}]}}