{"id":35383,"date":"2019-05-20T10:31:00","date_gmt":"2019-05-20T14:31:00","guid":{"rendered":"https:\/\/linitiative.ca\/International\/gaid-salah-annonce-la-poursuite-de-la-purge\/"},"modified":"2019-05-20T10:31:00","modified_gmt":"2019-05-20T14:31:00","slug":"gaid-salah-annonce-la-poursuite-de-la-purge","status":"publish","type":"post","link":"https:\/\/linitiative.ca\/International\/gaid-salah-annonce-la-poursuite-de-la-purge\/","title":{"rendered":"Ga\u00efd Salah annonce la poursuite de la purge"},"content":{"rendered":"<div id=\"originalText\" readability=\"90\">\n<p>Apr\u00e8s plus de deux semaines d\u2019\u00e9clipse, le g\u00e9n\u00e9ral de corps d\u2019arm\u00e9e, Ahmed Ga\u00efd Salah, a prononc\u00e9, ce lundi, un discours fort mena\u00e7ant, \u00e0 partir d\u2019Ouargla, en 4e r\u00e9gion militaire, o\u00f9 il effectue une visite d\u2019inspection et de travail.<\/p>\n<p>En effet, dans un communiqu\u00e9 rendu public par le MDN, le vice-ministre de la d\u00e9fense, chef d\u2019\u00e9tat-major de l\u2019ANP, a carr\u00e9ment estim\u00e9 que \u00abquiconque se met en travers de l\u2019Arm\u00e9e Nationale Populaire et son Commandement et \u0153uvre \u00e0 entraver ses efforts, se dresse n\u00e9cessairement contre l\u2019int\u00e9r\u00eat de l\u2019Alg\u00e9rie\u00bb.<\/p>\n<p>Il consid\u00e8re \u00e0 ce propos que \u00abnul doute que les t\u00eates de la discorde, qui ont \u00e9t\u00e9 d\u00e9masqu\u00e9s, ainsi que leurs actes criminels et pernicieux n\u00e9fastes pour l\u2019Alg\u00e9rie, sont aujourd\u2019hui en train de subir la sanction juste et \u00e9quitable qu\u2019elles m\u00e9ritent par la force de la loi\u00bb.<\/p>\n<p>Ceci, avant de poursuivre\u00a0: \u00abCe sera \u00e9galement le sort de tous ceux qui sont impliqu\u00e9s dans le complot contre l\u2019Arm\u00e9e Nationale Populaire et l\u2019Alg\u00e9rie, en commettant des actes criminels. Ceux-l\u00e0 m\u00eame que les enqu\u00eates pers\u00e9v\u00e9rantes et approfondies en cours, ne manqueront pas de d\u00e9voiler dans l\u2019avenir et seront eux aussi sanctionn\u00e9s de mani\u00e8re juste et \u00e9quitable par la force de la loi\u00bb.<\/p>\n<p>Ainsi donc, ajoute Ahmed Ga\u00efd Salah, \u00abtous ceux qui ont \u00e9t\u00e9 d\u00e9sign\u00e9s dans des fonctions sup\u00e9rieures et qui, au lieu de faire en sorte que ces fonctions et postes qu\u2019ils occupent soient une opportunit\u00e9 pour affirmer leur d\u00e9vouement \u00e0 leur Arm\u00e9e et \u00e0 leur patrie, \u00e0 travers un travail sur le terrain et productif, ils s\u2019\u00e9vertuent \u00e0 mettre les avantages de leurs fonctions essentiellement au service de leurs int\u00e9r\u00eats personnels, croyant \u00e0 tort que continuer, voire insister, \u00e0 manigancer des complots et des conspirations leur garantira la r\u00e9ussite dans ce qu\u2019ils commettent\u00bb.<\/p>\n<p>Et de conclure\u00a0: \u00abNous les mettons en garde avec la plus grande rigueur que l\u2019Etat alg\u00e9rien est fort par ses lois, son peuple et son Arm\u00e9e, qui forment un rempart solide pour prot\u00e9ger cette ch\u00e8re patrie, des complots de ceux qui veulent, sans scrupule aucun, enliser l\u2019Alg\u00e9rie dans des m\u00e9andres aux cons\u00e9quences inconnues\u00bb.<\/p>\n<p class=\"c10\"><strong>R\u00e9daction Web<\/strong><\/p>\n<\/div>\n<div id=\"text_core\" readability=\"90\">\n<p>Apr\u00e8s plus de deux semaines d\u2019\u00e9clipse, le g\u00e9n\u00e9ral de corps d\u2019arm\u00e9e, Ahmed Ga\u00efd Salah, a prononc\u00e9, ce lundi, un discours fort mena\u00e7ant, \u00e0 partir d\u2019Ouargla, en 4e r\u00e9gion militaire, o\u00f9 il effectue une visite d\u2019inspection et de travail.<\/p>\n<p>En effet, dans un communiqu\u00e9 rendu public par le MDN, le vice-ministre de la d\u00e9fense, chef d\u2019\u00e9tat-major de l\u2019ANP, a carr\u00e9ment estim\u00e9 que \u00abquiconque se met en travers de l\u2019Arm\u00e9e Nationale Populaire et son Commandement et \u0153uvre \u00e0 entraver ses efforts, se dresse n\u00e9cessairement contre l\u2019int\u00e9r\u00eat de l\u2019Alg\u00e9rie\u00bb.<\/p>\n<p>Il consid\u00e8re \u00e0 ce propos que \u00abnul doute que les t\u00eates de la discorde, qui ont \u00e9t\u00e9 d\u00e9masqu\u00e9s, ainsi que leurs actes criminels et pernicieux n\u00e9fastes pour l\u2019Alg\u00e9rie, sont aujourd\u2019hui en train de subir la sanction juste et \u00e9quitable qu\u2019elles m\u00e9ritent par la force de la loi\u00bb.<\/p>\n<p>Ceci, avant de poursuivre\u00a0: \u00abCe sera \u00e9galement le sort de tous ceux qui sont impliqu\u00e9s dans le complot contre l\u2019Arm\u00e9e Nationale Populaire et l\u2019Alg\u00e9rie, en commettant des actes criminels. Ceux-l\u00e0 m\u00eame que les enqu\u00eates pers\u00e9v\u00e9rantes et approfondies en cours, ne manqueront pas de d\u00e9voiler dans l\u2019avenir et seront eux aussi sanctionn\u00e9s de mani\u00e8re juste et \u00e9quitable par la force de la loi\u00bb.<\/p>\n<p>Ainsi donc, ajoute Ahmed Ga\u00efd Salah, \u00abtous ceux qui ont \u00e9t\u00e9 d\u00e9sign\u00e9s dans des fonctions sup\u00e9rieures et qui, au lieu de faire en sorte que ces fonctions et postes qu\u2019ils occupent soient une opportunit\u00e9 pour affirmer leur d\u00e9vouement \u00e0 leur Arm\u00e9e et \u00e0 leur patrie, \u00e0 travers un travail sur le terrain et productif, ils s\u2019\u00e9vertuent \u00e0 mettre les avantages de leurs fonctions essentiellement au service de leurs int\u00e9r\u00eats personnels, croyant \u00e0 tort que continuer, voire insister, \u00e0 manigancer des complots et des conspirations leur garantira la r\u00e9ussite dans ce qu\u2019ils commettent\u00bb.<\/p>\n<p>Et de conclure\u00a0: \u00abNous les mettons en garde avec la plus grande rigueur que l\u2019Etat alg\u00e9rien est fort par ses lois, son peuple et son Arm\u00e9e, qui forment un rempart solide pour prot\u00e9ger cette ch\u00e8re patrie, des complots de ceux qui veulent, sans scrupule aucun, enliser l\u2019Alg\u00e9rie dans des m\u00e9andres aux cons\u00e9quences inconnues\u00bb.<\/p>\n<p class=\"c10\"><strong>R\u00e9daction Web<\/strong><\/p>\n<\/div>\n<p>Auteur:<br \/>\n<a href=\"https:\/\/www.liberte-algerie.com\/actualite\/gaid-salah-annonce-la-poursuite-de-la-purge-316255\">Cliquez ici pour lire l&rsquo;article depuis sa source.<\/a><\/p>\n","protected":false},"excerpt":{"rendered":"<p>Apr\u00e8s plus de deux semaines d\u2019\u00e9clipse, le g\u00e9n\u00e9ral de corps d\u2019arm\u00e9e, Ahmed Ga\u00efd Salah, a prononc\u00e9, ce lundi, un discours fort mena\u00e7ant, \u00e0 partir d\u2019Ouargla, en 4e r\u00e9gion militaire, o\u00f9 il effectue une visite d\u2019inspection et de travail. En effet, dans un communiqu\u00e9 rendu public par le MDN, le vice-ministre de la d\u00e9fense, chef d\u2019\u00e9tat-major [&hellip;]<\/p>\n","protected":false},"author":1742,"featured_media":0,"comment_status":"closed","ping_status":"closed","sticky":false,"template":"","format":"standard","meta":{"fifu_image_url":"","fifu_image_alt":"","footnotes":""},"categories":[73,53],"tags":[],"class_list":["post-35383","post","type-post","status-publish","format-standard","hentry","category-actualite","category-algerie"],"_links":{"self":[{"href":"https:\/\/linitiative.ca\/International\/wp-json\/wp\/v2\/posts\/35383","targetHints":{"allow":["GET"]}}],"collection":[{"href":"https:\/\/linitiative.ca\/International\/wp-json\/wp\/v2\/posts"}],"about":[{"href":"https:\/\/linitiative.ca\/International\/wp-json\/wp\/v2\/types\/post"}],"author":[{"embeddable":true,"href":"https:\/\/linitiative.ca\/International\/wp-json\/wp\/v2\/users\/1742"}],"replies":[{"embeddable":true,"href":"https:\/\/linitiative.ca\/International\/wp-json\/wp\/v2\/comments?post=35383"}],"version-history":[{"count":0,"href":"https:\/\/linitiative.ca\/International\/wp-json\/wp\/v2\/posts\/35383\/revisions"}],"wp:attachment":[{"href":"https:\/\/linitiative.ca\/International\/wp-json\/wp\/v2\/media?parent=35383"}],"wp:term":[{"taxonomy":"category","embeddable":true,"href":"https:\/\/linitiative.ca\/International\/wp-json\/wp\/v2\/categories?post=35383"},{"taxonomy":"post_tag","embeddable":true,"href":"https:\/\/linitiative.ca\/International\/wp-json\/wp\/v2\/tags?post=35383"}],"curies":[{"name":"wp","href":"https:\/\/api.w.org\/{rel}","templated":true}]}}