{"id":35387,"date":"2019-05-20T10:02:55","date_gmt":"2019-05-20T14:02:55","guid":{"rendered":"https:\/\/linitiative.ca\/International\/tindouf-une-quarantaine-denfants-au-5eme-concours-de-recitation-du-saint-coran\/"},"modified":"2019-05-20T10:02:55","modified_gmt":"2019-05-20T14:02:55","slug":"tindouf-une-quarantaine-denfants-au-5eme-concours-de-recitation-du-saint-coran","status":"publish","type":"post","link":"https:\/\/linitiative.ca\/International\/tindouf-une-quarantaine-denfants-au-5eme-concours-de-recitation-du-saint-coran\/","title":{"rendered":"Tindouf : une quarantaine d\u2019enfants au 5\u00e8me concours de r\u00e9citation du saint Coran"},"content":{"rendered":"<div>\n<div class=\"K2FeedImage\"><img decoding=\"async\" src=\"http:\/\/www.aps.dz\/media\/k2\/items\/cache\/8fabaca57245f9359b502f7aa7501a3b_S.jpg\" alt=\"Tindouf : une quarantaine d\u2019enfants au 5\u00e8me concours de r\u00e9citation du saint Coran\"><\/div>\n<div class=\"K2FeedIntroText\">\n<p><strong>TINDOUF &#8211; La 5\u00e8me \u00e9dition du concours de r\u00e9citation et de psalmodie du saint Coran \u00ab\u00a0Zeyen Sawtek Bil-Coran\u00a0\u00bb (embellis ta voix par le Coran) se d\u00e9roule actuellement \u00e0 Tindouf avec la participation d\u2019une quarantaine d\u2019enfants, \u00e0 l\u2019initiative de l\u2019association scientifique et culturelle locale \u00ab\u00a0Malek Bennabi\u00a0\u00bb, en coordination avec la direction des Affaires religieuses et des Wakfs.<\/strong><\/p>\n<\/div>\n<div class=\"K2FeedFullText\">\n<p>Inscrit dans le cadre du projet \u00ab\u00a0Nahda Bel Coran\u00a0\u00bb (renaissance par le Coran), ce concours regroupe des enfants de moins de 12 ans qui se mesurent dans la r\u00e9citation du coran avec respect des r\u00e8gles de psalmodie \u00ab\u00a0Tadjwid\u00a0\u00bb, sous la supervision d\u2019un jury compos\u00e9 d\u2019Imams et d\u2019enseignants sp\u00e9cialis\u00e9s en la mati\u00e8re, a indiqu\u00e9 le pr\u00e9sident de l\u2019association organisatrice, Hocine Ammari.<\/p>\n<p>Le Centre culturel islamique de Tindouf qui abrite la manifestation accueille chaque soir\u00e9e des familles accompagnant leurs enfants r\u00e9citants et venus aussi \u00e9couter la r\u00e9citation du Livre sacr\u00e9 ainsi que des conseils de mode de lecture prodigu\u00e9s par les encadreurs au profit des participants.<\/p>\n<hr>\n<p><em><strong>Lire aussi:\u00a0<a href=\"http:\/\/www.aps.dz\/culture\/89251-oran-l-education-en-islam-theme-de-la-14e-rencontre-de-dourouss-mohammadia\">Oran : \u00ab\u00a0L\u2019\u00e9ducation en islam\u00a0\u00bb, th\u00e8me de la 14e rencontre de \u00ab\u00a0Dourouss Mohammadia\u00a0\u00bb<\/a><\/strong><\/em><\/p>\n<hr>\n<p>L\u2019association a ouvert, depuis janvier dernier, une salle de cours au niveau de son si\u00e8ge, d\u00e9di\u00e9 au projet de r\u00e9citation du Coran, et\u00a0 pr\u00e9voit, pour l\u2019\u00e9t\u00e9 prochain, l\u2019organisation de camps d\u2019\u00e9t\u00e9, \u00e0 la satisfaction des r\u00e9citants, en signe d\u2019encouragement et d\u2019incitation des petits \u00e0 apprendre le Saint Coran et les r\u00e8gles de psalmodie.<\/p>\n<p>Le programme de l\u2019association Malek Bennabi pr\u00e9voit aussi l\u2019organisation, durant ce mois de ramadhan, d\u2019autres concours, dont ceux des familles \u00ab\u00a0chevaliers du savoir\u00a0\u00bb et de la \u00ab\u00a0Sira Ennabaouia\u00a0\u00bb (conduite du proph\u00e8te Mohamed QSSSL), ainsi que des soir\u00e9es de Medh et de chants religieux.<\/p>\n<p>Ces activit\u00e9s seront couronn\u00e9es, avant l\u2019Aid El-Fitr, par une c\u00e9r\u00e9monie de distinction des participants aux diff\u00e9rents concours organis\u00e9s durant le mois sacr\u00e9.<\/p>\n<\/div>\n<\/div>\n<p>Auteur:<br \/>\n<a href=\"http:\/\/www.aps.dz\/regions\/89653-tindouf-une-quarantaine-d-enfants-au-5eme-concours-de-recitation-du-saint-coran\">Cliquez ici pour lire l&rsquo;article depuis sa source.<\/a><\/p>\n","protected":false},"excerpt":{"rendered":"<p>TINDOUF &#8211; La 5\u00e8me \u00e9dition du concours de r\u00e9citation et de psalmodie du saint Coran \u00ab\u00a0Zeyen Sawtek Bil-Coran\u00a0\u00bb (embellis ta voix par le Coran) se d\u00e9roule actuellement \u00e0 Tindouf avec la participation d\u2019une quarantaine d\u2019enfants, \u00e0 l\u2019initiative de l\u2019association scientifique et culturelle locale \u00ab\u00a0Malek Bennabi\u00a0\u00bb, en coordination avec la direction des Affaires religieuses et des [&hellip;]<\/p>\n","protected":false},"author":1790,"featured_media":35388,"comment_status":"closed","ping_status":"closed","sticky":false,"template":"","format":"standard","meta":{"fifu_image_url":"","fifu_image_alt":"","footnotes":""},"categories":[53,76],"tags":[],"class_list":["post-35387","post","type-post","status-publish","format-standard","has-post-thumbnail","hentry","category-algerie","category-regions"],"_links":{"self":[{"href":"https:\/\/linitiative.ca\/International\/wp-json\/wp\/v2\/posts\/35387","targetHints":{"allow":["GET"]}}],"collection":[{"href":"https:\/\/linitiative.ca\/International\/wp-json\/wp\/v2\/posts"}],"about":[{"href":"https:\/\/linitiative.ca\/International\/wp-json\/wp\/v2\/types\/post"}],"author":[{"embeddable":true,"href":"https:\/\/linitiative.ca\/International\/wp-json\/wp\/v2\/users\/1790"}],"replies":[{"embeddable":true,"href":"https:\/\/linitiative.ca\/International\/wp-json\/wp\/v2\/comments?post=35387"}],"version-history":[{"count":0,"href":"https:\/\/linitiative.ca\/International\/wp-json\/wp\/v2\/posts\/35387\/revisions"}],"wp:featuredmedia":[{"embeddable":true,"href":"https:\/\/linitiative.ca\/International\/wp-json\/"}],"wp:attachment":[{"href":"https:\/\/linitiative.ca\/International\/wp-json\/wp\/v2\/media?parent=35387"}],"wp:term":[{"taxonomy":"category","embeddable":true,"href":"https:\/\/linitiative.ca\/International\/wp-json\/wp\/v2\/categories?post=35387"},{"taxonomy":"post_tag","embeddable":true,"href":"https:\/\/linitiative.ca\/International\/wp-json\/wp\/v2\/tags?post=35387"}],"curies":[{"name":"wp","href":"https:\/\/api.w.org\/{rel}","templated":true}]}}