{"id":35398,"date":"2019-05-20T08:02:16","date_gmt":"2019-05-20T12:02:16","guid":{"rendered":"https:\/\/linitiative.ca\/International\/lancement-dun-centre-dassistance-des-personnes-en-situation-de-handicap-a-sidi-mokhtar\/"},"modified":"2019-05-20T08:02:16","modified_gmt":"2019-05-20T12:02:16","slug":"lancement-dun-centre-dassistance-des-personnes-en-situation-de-handicap-a-sidi-mokhtar","status":"publish","type":"post","link":"https:\/\/linitiative.ca\/International\/lancement-dun-centre-dassistance-des-personnes-en-situation-de-handicap-a-sidi-mokhtar\/","title":{"rendered":"Lancement d\u2019un Centre d\u2019assistance des personnes en situation de handicap \u00e0 Sidi Mokhtar"},"content":{"rendered":"<div class=\"single-featured\"><img alt=\"\" data-src=\"http:\/\/www.mapmarrakech.ma\/map\/uploads\/2019\/05\/sidimokhtar-copier.jpg\"\/><\/div>\n<div class=\"single-post-excerpt post-excerpt-bc\" readability=\"33\">\n<p>Chichaoua -. Un centre d\u2019orientation et d\u2019assistance des personnes en situation de handicap a \u00e9t\u00e9 ouvert r\u00e9cemment dans la commune de Sidi Mokhtar dans la province de Chichaoua.<\/p>\n<\/div>\n<div class=\"entry-content clearfix single-post-content\" readability=\"51\">\n<p>Inaugur\u00e9 par le gouverneur de la province, Bouabid El Guerrab, \u00e0 l\u2019occasion de la c\u00e9l\u00e9bration du 62\u00e8 anniversaire de l\u2019Entraide nationale, ce centre intervient dans le cadre du renforcement des infrastructures sociales d\u00e9di\u00e9es aux personnes en situation de handicap au niveau de la province.<\/p>\n<p>Il s\u2019inscrit \u00e9galement dans le cadre de la mise en \u0153uvre de la strat\u00e9gie de l\u2019Etat relative au Fonds de Coh\u00e9sion sociale en tant que centre r\u00e9f\u00e9rentiel d\u2019accueil des personnes handicap\u00e9es \u00e0 travers une s\u00e9rie de programmes portant notamment sur l\u2019am\u00e9lioration des conditions de scolarisation des enfants en situation de handicap, l\u2019encouragement de l\u2019insertion professionnelle et des activit\u00e9s g\u00e9n\u00e9ratrices de revenus ainsi que sur la contribution \u00e0 la cr\u00e9ation et \u00e0 la gestion des centres d\u2019accueil.<\/p>\n<p>Cette structure vise, essentiellement, \u00e0 rapprocher les services d\u2019accueil et d\u2019orientation des personnes en situation de handicap et de leurs proches, et \u00e0 leur apporter l\u2019assistance technique n\u00e9cessaire.<\/p>\n<\/div>\n<p>Auteur: Meriem IGASS<br \/>\n<a href=\"http:\/\/www.mapmarrakech.ma\/fr\/lancement-dun-centre-dorientation-et-dassistance-des-personnes-en-situation-de-handicap-a-sidi-mokhtar\/\">Cliquez ici pour lire l&rsquo;article depuis sa source.<\/a><\/p>\n","protected":false},"excerpt":{"rendered":"<p>Chichaoua -. Un centre d\u2019orientation et d\u2019assistance des personnes en situation de handicap a \u00e9t\u00e9 ouvert r\u00e9cemment dans la commune de Sidi Mokhtar dans la province de Chichaoua. Inaugur\u00e9 par le gouverneur de la province, Bouabid El Guerrab, \u00e0 l\u2019occasion de la c\u00e9l\u00e9bration du 62\u00e8 anniversaire de l\u2019Entraide nationale, ce centre intervient dans le cadre [&hellip;]<\/p>\n","protected":false},"author":1788,"featured_media":35399,"comment_status":"closed","ping_status":"closed","sticky":false,"template":"","format":"standard","meta":{"fifu_image_url":"","fifu_image_alt":"","footnotes":""},"categories":[54,76],"tags":[],"class_list":["post-35398","post","type-post","status-publish","format-standard","has-post-thumbnail","hentry","category-maroc","category-regions"],"_links":{"self":[{"href":"https:\/\/linitiative.ca\/International\/wp-json\/wp\/v2\/posts\/35398","targetHints":{"allow":["GET"]}}],"collection":[{"href":"https:\/\/linitiative.ca\/International\/wp-json\/wp\/v2\/posts"}],"about":[{"href":"https:\/\/linitiative.ca\/International\/wp-json\/wp\/v2\/types\/post"}],"author":[{"embeddable":true,"href":"https:\/\/linitiative.ca\/International\/wp-json\/wp\/v2\/users\/1788"}],"replies":[{"embeddable":true,"href":"https:\/\/linitiative.ca\/International\/wp-json\/wp\/v2\/comments?post=35398"}],"version-history":[{"count":0,"href":"https:\/\/linitiative.ca\/International\/wp-json\/wp\/v2\/posts\/35398\/revisions"}],"wp:featuredmedia":[{"embeddable":true,"href":"https:\/\/linitiative.ca\/International\/wp-json\/"}],"wp:attachment":[{"href":"https:\/\/linitiative.ca\/International\/wp-json\/wp\/v2\/media?parent=35398"}],"wp:term":[{"taxonomy":"category","embeddable":true,"href":"https:\/\/linitiative.ca\/International\/wp-json\/wp\/v2\/categories?post=35398"},{"taxonomy":"post_tag","embeddable":true,"href":"https:\/\/linitiative.ca\/International\/wp-json\/wp\/v2\/tags?post=35398"}],"curies":[{"name":"wp","href":"https:\/\/api.w.org\/{rel}","templated":true}]}}