{"id":35401,"date":"2019-05-20T10:33:30","date_gmt":"2019-05-20T14:33:30","guid":{"rendered":"https:\/\/linitiative.ca\/International\/le-conseil-de-la-region-marrakech-safi-approuve-plusieurs-projets-de-developpement\/"},"modified":"2019-05-20T10:33:30","modified_gmt":"2019-05-20T14:33:30","slug":"le-conseil-de-la-region-marrakech-safi-approuve-plusieurs-projets-de-developpement","status":"publish","type":"post","link":"https:\/\/linitiative.ca\/International\/le-conseil-de-la-region-marrakech-safi-approuve-plusieurs-projets-de-developpement\/","title":{"rendered":"Le Conseil de la r\u00e9gion Marrakech-Safi approuve plusieurs projets de d\u00e9veloppement"},"content":{"rendered":"<div readability=\"35\">\n<p>Marrakech \u2013 Le Conseil de la r\u00e9gion Marrakech-Safi, r\u00e9uni lundi en session extraordinaire, a approuv\u00e9 \u00e0 l\u2019unanimit\u00e9 plusieurs projets de d\u00e9veloppement et des conventions de partenariats.<\/p>\n<\/div>\n<div readability=\"86\">\n<p>Lors de ce conseil, pr\u00e9sid\u00e9 par le premier vice-pr\u00e9sident, Samir Koudar en pr\u00e9sence du wali de la r\u00e9gion Karim Kassi-Lahlou, les membres ont approuv\u00e9 un projet de convention de partenariat entre la r\u00e9gion et la Chambre fran\u00e7aise de commerce et d\u2019industrie au Maroc, portant sur l\u2019am\u00e9nagement, la promotion, la commercialisation et la gestion du complexe technologique de la commune de Harbil.<\/p>\n<p>Le programme d\u2019ex\u00e9cution du projet comporte l\u2019\u00e9laboration des \u00e9tudes n\u00e9cessaires, l\u2019am\u00e9nagement du site du complexe (routes, assainissement liquide, eau potable, \u00e9lectricit\u00e9, \u00e9clairage entre autres), et la r\u00e9alisation de l\u2019infrastructure en dehors du site du projet n\u00e9cessaire au d\u00e9veloppement du complexe et la promotion et la commercialisation du complexe.<\/p>\n<p>Le Conseil a \u00e9galement approuv\u00e9 le projet de la cr\u00e9ation de la \u00ab\u00a0Soci\u00e9t\u00e9 de d\u00e9veloppement r\u00e9gional : les plateformes industrielles et logistiques de Marrakech-Safi\u00a0\u00bb et son statut, laquelle soci\u00e9t\u00e9 vise \u00e0 contribuer \u00e0 mettre en \u0153uvre les strat\u00e9gies nationales de commerce, de distribution et de logistique (transport, gestion d\u00e9l\u00e9gu\u00e9e, conditionnement et distribution) au niveau de la r\u00e9gion, la mobilisation du foncier n\u00e9cessaire \u00e0 la r\u00e9alisation des diff\u00e9rents projets de la r\u00e9gion, la mobilisation du financement n\u00e9cessaire pour les projets de plateformes industrielles et logistiques, la r\u00e9alisation de tous les \u00e9tudes relatives \u00e0 l\u2019am\u00e9nagement et la construction (\u00e9tudes architecturales, techniques, commerciales et financi\u00e8res) et l\u2019\u00e9laboration de sch\u00e9mas des plans \u00e9conomiques de tous les projets d\u2019am\u00e9nagement, de construction, de gestion et de commercialisation, le renforcement de l\u2019offre industrielle et logistique de la r\u00e9gion, le d\u00e9veloppement des activit\u00e9s de traitement, d\u2019industrialisation et de recyclage industrielle qui r\u00e9pondent aux besoins de plateformes industrielles et logistiques.<\/p>\n<p>Le projet de convention de partenariat relatif au d\u00e9veloppement et \u00e0 la mise \u00e0 niveau du secteur de la sant\u00e9 publique au niveau de la r\u00e9gion, approuv\u00e9 lors de cette session extraordinaire, vise le parach\u00e8vement de projets (15 projets) en cours de r\u00e9alisation jusqu\u2019\u00e0 fin 2021 et qui s\u2019inscrivent dans le cadre de la convention de partenariat relative au d\u00e9veloppement et la mise \u00e0 niveau du secteur de la sant\u00e9 publique au niveau de la pr\u00e9fecture et des provinces de la r\u00e9gion Marrakech-Safi.<\/p>\n<p>L\u2019ordre du jour comportait \u00e9galement la discussion et l\u2019approbation \u00e0 l\u2019unanimit\u00e9 du projet de convention de partenariat avec le Secr\u00e9tariat d\u2019Etat charg\u00e9 du Tourisme pour la r\u00e9alisation d\u2019un espace d\u00e9di\u00e9 aux expositions et d\u2019un palais des congr\u00e8s dans la r\u00e9gion, un protocole d\u2019entente entre la r\u00e9gion, la ville de Madrid (Espagne) et le conseil communal de Marrakech, ainsi que des projets de d\u00e9cisions pour l\u2019acquisition d\u2019un lot de terrain dans la commune de Harbil et d\u2019une ligne de cr\u00e9dit aupr\u00e8s du Fonds d\u2019Equipement communal (FEC) pour le financement de projets dans le cadre du Programme de d\u00e9veloppement r\u00e9gional (PDR) et du programme de r\u00e9duction des disparit\u00e9s sociales.<\/p>\n<\/div>\n<p>Auteur: Meriem IGASS<br \/>\n<a href=\"http:\/\/www.mapmarrakech.ma\/fr\/le-conseil-de-la-region-marrakech-safi-approuve-en-session-extraordinaire-plusieurs-projets-de-developpement\/\">Cliquez ici pour lire l&rsquo;article depuis sa source.<\/a><\/p>\n","protected":false},"excerpt":{"rendered":"<p>Marrakech \u2013 Le Conseil de la r\u00e9gion Marrakech-Safi, r\u00e9uni lundi en session extraordinaire, a approuv\u00e9 \u00e0 l\u2019unanimit\u00e9 plusieurs projets de d\u00e9veloppement et des conventions de partenariats. Lors de ce conseil, pr\u00e9sid\u00e9 par le premier vice-pr\u00e9sident, Samir Koudar en pr\u00e9sence du wali de la r\u00e9gion Karim Kassi-Lahlou, les membres ont approuv\u00e9 un projet de convention de [&hellip;]<\/p>\n","protected":false},"author":1788,"featured_media":0,"comment_status":"closed","ping_status":"closed","sticky":false,"template":"","format":"standard","meta":{"fifu_image_url":"","fifu_image_alt":"","footnotes":""},"categories":[54,76],"tags":[],"class_list":["post-35401","post","type-post","status-publish","format-standard","hentry","category-maroc","category-regions"],"_links":{"self":[{"href":"https:\/\/linitiative.ca\/International\/wp-json\/wp\/v2\/posts\/35401","targetHints":{"allow":["GET"]}}],"collection":[{"href":"https:\/\/linitiative.ca\/International\/wp-json\/wp\/v2\/posts"}],"about":[{"href":"https:\/\/linitiative.ca\/International\/wp-json\/wp\/v2\/types\/post"}],"author":[{"embeddable":true,"href":"https:\/\/linitiative.ca\/International\/wp-json\/wp\/v2\/users\/1788"}],"replies":[{"embeddable":true,"href":"https:\/\/linitiative.ca\/International\/wp-json\/wp\/v2\/comments?post=35401"}],"version-history":[{"count":0,"href":"https:\/\/linitiative.ca\/International\/wp-json\/wp\/v2\/posts\/35401\/revisions"}],"wp:attachment":[{"href":"https:\/\/linitiative.ca\/International\/wp-json\/wp\/v2\/media?parent=35401"}],"wp:term":[{"taxonomy":"category","embeddable":true,"href":"https:\/\/linitiative.ca\/International\/wp-json\/wp\/v2\/categories?post=35401"},{"taxonomy":"post_tag","embeddable":true,"href":"https:\/\/linitiative.ca\/International\/wp-json\/wp\/v2\/tags?post=35401"}],"curies":[{"name":"wp","href":"https:\/\/api.w.org\/{rel}","templated":true}]}}