{"id":35405,"date":"2019-05-20T13:52:07","date_gmt":"2019-05-20T17:52:07","guid":{"rendered":"https:\/\/linitiative.ca\/International\/lethiopien-bamlak-tessema-designe-pour-officier-la-finale-retour-berkane-zamalek\/"},"modified":"2019-05-20T13:52:07","modified_gmt":"2019-05-20T17:52:07","slug":"lethiopien-bamlak-tessema-designe-pour-officier-la-finale-retour-berkane-zamalek","status":"publish","type":"post","link":"https:\/\/linitiative.ca\/International\/lethiopien-bamlak-tessema-designe-pour-officier-la-finale-retour-berkane-zamalek\/","title":{"rendered":"L\u2019Ethiopien Bamlak Tessema d\u00e9sign\u00e9 pour officier la finale retour Berkane-Zamalek"},"content":{"rendered":"<div class=\"single-featured\"><img alt=\"L\u2019arbitre \u00e9thiopien Bamlak Tessema\" data-src=\"http:\/\/www.mapoujda.ma\/map\/uploads\/2019\/05\/L\u2019arbitre-\u00e9thiopien-Bamlak-Tessema-M-750-430.jpg\"\/><\/div>\n<div class=\"single-post-excerpt post-excerpt-bc\" readability=\"35\">\n<p>L\u2019arbitre \u00e9thiopien Bamlak Tessema a \u00e9t\u00e9 d\u00e9sign\u00e9 par la Conf\u00e9d\u00e9ration africaine de football (CAF) pour officier la finale retour de la Coupe de la CAF qui opposera la Renaissance sportive de Berkane (RSB) au club \u00e9gyptien du Zamalek, dimanche prochain au stade Burj Al Arab d\u2019Alexandrie.<\/p>\n<\/div>\n<div class=\"entry-content clearfix single-post-content\" readability=\"42\">\n<p>L\u2019arbitre \u00e9thiopien sera assist\u00e9 lors de ce derby nord-africain du S\u00e9n\u00e9galais Haj Malik Samba et du Sud-africain Zakali Zouiss \u00e0 la touche et du Tunisien Sadek Salmi comme 4\u00e8me arbitre.<\/p>\n<p>Par ailleurs, la CAF a d\u00e9sign\u00e9 le Zambien Jani Sikawzi en tant qu\u2019arbitre assistant vid\u00e9o (VAR). Il sera assist\u00e9 par le S\u00e9n\u00e9galais Jirba Camara et le Soudanais Walid Ahmad.<\/p>\n<p>La Renaissance de Berkane s\u2019est impos\u00e9e 1-0 \u00e0 domicile face au Zamalek d\u2019Egypte, en finale-aller de la Coupe de la Conf\u00e9d\u00e9ration africaine de football disput\u00e9e dimanche au Stade Municipal de Berkane.<\/p>\n<\/div>\n<p>Auteur: Soufiane ELAHMAR<br \/>\n<a href=\"http:\/\/www.mapoujda.ma\/fr\/lethiopien-bamlak-tessema-designe-pour-officier-la-finale-retour-berkane-zamalek\/\">Cliquez ici pour lire l&rsquo;article depuis sa source.<\/a><\/p>\n","protected":false},"excerpt":{"rendered":"<p>L\u2019arbitre \u00e9thiopien Bamlak Tessema a \u00e9t\u00e9 d\u00e9sign\u00e9 par la Conf\u00e9d\u00e9ration africaine de football (CAF) pour officier la finale retour de la Coupe de la CAF qui opposera la Renaissance sportive de Berkane (RSB) au club \u00e9gyptien du Zamalek, dimanche prochain au stade Burj Al Arab d\u2019Alexandrie. L\u2019arbitre \u00e9thiopien sera assist\u00e9 lors de ce derby nord-africain [&hellip;]<\/p>\n","protected":false},"author":1788,"featured_media":35406,"comment_status":"closed","ping_status":"closed","sticky":false,"template":"","format":"standard","meta":{"fifu_image_url":"","fifu_image_alt":"","footnotes":""},"categories":[54,76],"tags":[],"class_list":["post-35405","post","type-post","status-publish","format-standard","has-post-thumbnail","hentry","category-maroc","category-regions"],"_links":{"self":[{"href":"https:\/\/linitiative.ca\/International\/wp-json\/wp\/v2\/posts\/35405","targetHints":{"allow":["GET"]}}],"collection":[{"href":"https:\/\/linitiative.ca\/International\/wp-json\/wp\/v2\/posts"}],"about":[{"href":"https:\/\/linitiative.ca\/International\/wp-json\/wp\/v2\/types\/post"}],"author":[{"embeddable":true,"href":"https:\/\/linitiative.ca\/International\/wp-json\/wp\/v2\/users\/1788"}],"replies":[{"embeddable":true,"href":"https:\/\/linitiative.ca\/International\/wp-json\/wp\/v2\/comments?post=35405"}],"version-history":[{"count":0,"href":"https:\/\/linitiative.ca\/International\/wp-json\/wp\/v2\/posts\/35405\/revisions"}],"wp:featuredmedia":[{"embeddable":true,"href":"https:\/\/linitiative.ca\/International\/wp-json\/"}],"wp:attachment":[{"href":"https:\/\/linitiative.ca\/International\/wp-json\/wp\/v2\/media?parent=35405"}],"wp:term":[{"taxonomy":"category","embeddable":true,"href":"https:\/\/linitiative.ca\/International\/wp-json\/wp\/v2\/categories?post=35405"},{"taxonomy":"post_tag","embeddable":true,"href":"https:\/\/linitiative.ca\/International\/wp-json\/wp\/v2\/tags?post=35405"}],"curies":[{"name":"wp","href":"https:\/\/api.w.org\/{rel}","templated":true}]}}