{"id":35407,"date":"2019-05-20T14:12:47","date_gmt":"2019-05-20T18:12:47","guid":{"rendered":"https:\/\/linitiative.ca\/International\/saidia-abrite-le-colloque-international-telecom2019-11emes-jfmma-du-12-au-14-juin-prochain\/"},"modified":"2019-05-20T14:12:47","modified_gmt":"2019-05-20T18:12:47","slug":"saidia-abrite-le-colloque-international-telecom2019-11emes-jfmma-du-12-au-14-juin-prochain","status":"publish","type":"post","link":"https:\/\/linitiative.ca\/International\/saidia-abrite-le-colloque-international-telecom2019-11emes-jfmma-du-12-au-14-juin-prochain\/","title":{"rendered":"Sa\u00efdia abrite le colloque international Telecom\u20192019 &amp; 11\u00e8mes JFMMA, du 12 au 14 juin prochain"},"content":{"rendered":"<div class=\"single-featured\"><img alt=\"La ville de Sa\u00efdia\" data-src=\"http:\/\/www.mapoujda.ma\/map\/uploads\/2019\/05\/La-ville-de-Sa\u00efdia.jpg\"\/><\/div>\n<div class=\"single-post-excerpt post-excerpt-bc\" readability=\"38\">\n<p>L\u2019Universit\u00e9 Mohammed Premier d\u2019Oujda en collaboration avec l\u2019Institut d\u2019\u00c9lectronique, de Micro\u00e9lectronique et de Nanotechnologie de l\u2019Universit\u00e9 de Lille (France) organisent, du 12 au 14 juin prochain \u00e0 Sa\u00efdia, le colloque international Telecom\u20192019 et les 11\u00e8mes Journ\u00e9es Franco-Maghr\u00e9bines des Micro-ondes et leurs Applications (JFMMA).<\/p>\n<\/div>\n<div class=\"entry-content clearfix single-post-content\" readability=\"58\">\n<p>Ce rendez-vous scientifique fait partie d\u2019une s\u00e9rie de conf\u00e9rences internationales traitant des radiofr\u00e9quences, des micro-ondes, de l\u2019opto\u00e9lectronique, des t\u00e9l\u00e9communications, de la compatibilit\u00e9 \u00e9lectromagn\u00e9tique, du traitement du signal et des images, des micros et nanotechnologies, de la s\u00e9curit\u00e9 des transports et des \u00e9nergies renouvelables, indiquent les organisateurs.<\/p>\n<p>Cette \u00e9dition offre l\u2019occasion de pr\u00e9senter les derni\u00e8res avanc\u00e9es scientifiques en la mati\u00e8re, de renforcer les contacts entre les chercheurs fran\u00e7ais et maghr\u00e9bins et d\u2019initier de nouvelles collaborations au niveau de la recherche et de la formation, ajoute la m\u00eame source.<\/p>\n<p>Depuis son lancement, cette manifestation a connu une grande r\u00e9ussite, en permettant de rassembler, tous les deux ans, des chercheurs et ing\u00e9nieurs de laboratoires acad\u00e9miques et industriels des deux rives de la m\u00e9diterran\u00e9e, sp\u00e9cialistes des domaines couverts par cette manifestation.<\/p>\n<\/div>\n<p>Auteur: Soufiane ELAHMAR<br \/>\n<a href=\"http:\/\/www.mapoujda.ma\/fr\/saidia-abrite-le-colloque-international-telecom2019-11emes-jfmma-du-12-au-14-juin-prochain\/\">Cliquez ici pour lire l&rsquo;article depuis sa source.<\/a><\/p>\n","protected":false},"excerpt":{"rendered":"<p>L\u2019Universit\u00e9 Mohammed Premier d\u2019Oujda en collaboration avec l\u2019Institut d\u2019\u00c9lectronique, de Micro\u00e9lectronique et de Nanotechnologie de l\u2019Universit\u00e9 de Lille (France) organisent, du 12 au 14 juin prochain \u00e0 Sa\u00efdia, le colloque international Telecom\u20192019 et les 11\u00e8mes Journ\u00e9es Franco-Maghr\u00e9bines des Micro-ondes et leurs Applications (JFMMA). Ce rendez-vous scientifique fait partie d\u2019une s\u00e9rie de conf\u00e9rences internationales traitant des [&hellip;]<\/p>\n","protected":false},"author":1788,"featured_media":35408,"comment_status":"closed","ping_status":"closed","sticky":false,"template":"","format":"standard","meta":{"fifu_image_url":"","fifu_image_alt":"","footnotes":""},"categories":[54,76],"tags":[],"class_list":["post-35407","post","type-post","status-publish","format-standard","has-post-thumbnail","hentry","category-maroc","category-regions"],"_links":{"self":[{"href":"https:\/\/linitiative.ca\/International\/wp-json\/wp\/v2\/posts\/35407","targetHints":{"allow":["GET"]}}],"collection":[{"href":"https:\/\/linitiative.ca\/International\/wp-json\/wp\/v2\/posts"}],"about":[{"href":"https:\/\/linitiative.ca\/International\/wp-json\/wp\/v2\/types\/post"}],"author":[{"embeddable":true,"href":"https:\/\/linitiative.ca\/International\/wp-json\/wp\/v2\/users\/1788"}],"replies":[{"embeddable":true,"href":"https:\/\/linitiative.ca\/International\/wp-json\/wp\/v2\/comments?post=35407"}],"version-history":[{"count":0,"href":"https:\/\/linitiative.ca\/International\/wp-json\/wp\/v2\/posts\/35407\/revisions"}],"wp:featuredmedia":[{"embeddable":true,"href":"https:\/\/linitiative.ca\/International\/wp-json\/"}],"wp:attachment":[{"href":"https:\/\/linitiative.ca\/International\/wp-json\/wp\/v2\/media?parent=35407"}],"wp:term":[{"taxonomy":"category","embeddable":true,"href":"https:\/\/linitiative.ca\/International\/wp-json\/wp\/v2\/categories?post=35407"},{"taxonomy":"post_tag","embeddable":true,"href":"https:\/\/linitiative.ca\/International\/wp-json\/wp\/v2\/tags?post=35407"}],"curies":[{"name":"wp","href":"https:\/\/api.w.org\/{rel}","templated":true}]}}