{"id":35411,"date":"2019-05-20T15:14:14","date_gmt":"2019-05-20T19:14:14","guid":{"rendered":"https:\/\/linitiative.ca\/International\/ligue-1-2-jsk-belaili-on-na-pas-battu-lusma-pour-perdre-face-au-nahd\/"},"modified":"2019-05-20T15:14:14","modified_gmt":"2019-05-20T19:14:14","slug":"ligue-1-2-jsk-belaili-on-na-pas-battu-lusma-pour-perdre-face-au-nahd","status":"publish","type":"post","link":"https:\/\/linitiative.ca\/International\/ligue-1-2-jsk-belaili-on-na-pas-battu-lusma-pour-perdre-face-au-nahd\/","title":{"rendered":"Ligue 1 &amp; 2 : JSK &#8211; Bela\u00efli: \u00abOn n\u2019a pas battu l\u2019USMA pour perdre face au NAHD\u00bb"},"content":{"rendered":"<div readability=\"32\">\n<p>Auteur : <span>S. D.<\/span> <span class=\"time\">lundi 20 mai 2019 14:10<\/span><\/p>\n<\/div>\n<div id=\"post_core\" readability=\"112\">\n<p>De retour dans le onze, apr\u00e8s avoir \u00e9t\u00e9 laiss\u00e9 sur le banc face au CSC, l\u2019arri\u00e8re droit Amir Bela\u00efli, que nous avons interrog\u00e9 \u00e0 l\u2019issue du match face \u00e0 l\u2019USMA, a d\u00e9clar\u00e9 que les joueurs ont retrouv\u00e9 leurs sensations et que l\u2019objectif est de terminer la saison sur une bonne note. Autrement dit, il estime que les joueurs iront au 20-Ao\u00fbt avec la ferme intention de r\u00e9aliser un bon r\u00e9sultat.<\/p>\n<p><strong>Vous avez assur\u00e9 le plus important en battant l\u2019USMA sur le score de deux buts \u00e0 un. Comment vous sentez-vous, sachant que vous \u00e9tiez sous pression ?<\/strong><br \/>On se sent vraiment soulag\u00e9s, nous \u00e9tions vraiment sous pression car on n\u2019avait pas le droit \u00e0 l\u2019erreur. Un mauvais r\u00e9sultat aurait permis \u00e0 l\u2019USMA de devenir championne notamment suite \u00e0 la d\u00e9faite du PAC. Donc, d\u00e8s le coup d\u2019envoi et pour \u00e9viter les calculs, nous avons d\u00e9cid\u00e9 de sortir le grand jeu, presser l\u2019adversaire et essayer de trouver la marque le plus rapidement possible. Et comme vous l\u2019avez vu, nous avons r\u00e9ussi \u00e0 leur faire trembler les filets, ce qui nous a permis de gagner en confiance.<\/p>\n<p><strong>Vous attendiez-vous \u00e0 ce que le match soit aussi difficile ?<\/strong><br \/>On savait que notre t\u00e2che n\u2019allait pas \u00eatre facile devant une tr\u00e8s bonne \u00e9quipe de l\u2019USMA qui n\u2019occupe pas la premi\u00e8re place par hasard. Les Alg\u00e9rois renferment dans le groupe de tr\u00e8s bons joueurs qui poss\u00e8dent d\u2019\u00e9normes qualit\u00e9s. Je crois que nous \u00e9tions tellement d\u00e9termin\u00e9s que nous avons r\u00e9ussi \u00e0 faire la diff\u00e9rence et \u00e0 inscrire deux jolis buts. Dieu merci, nous n\u2019avons pas d\u00e9\u00e7u nos supporters.<\/p>\n<p><strong>Quelle a \u00e9t\u00e9 votre r\u00e9action, apr\u00e8s l\u2019\u00e9galisation des Usmistes ?<\/strong><br \/>Nous \u00e9tions choqu\u00e9s car on ne s\u2019attendait pas \u00e0 ce que l\u2019USMA \u00e9galise d\u2019autant plus qu\u2019on les dominait. Ce fut un but surprise inscrit \u00e0 un moment sensible. Mais cela ne nous a pas d\u00e9stabilis\u00e9s puisque nous \u00e9tions toujours bien concentr\u00e9s. Et gr\u00e2ce aux consignes de l\u2019entra\u00eeneur, nous avons r\u00e9ussi \u00e0 aggraver la marque gr\u00e2ce \u00e0 un tr\u00e8s joli coup franc direct. Je dirais m\u00eame qu\u2019on aurait pu inscrire plus de deux buts, notamment en premi\u00e8re mi-temps.<\/p>\n<p><strong>Avec cette victoire, vous avez repris votre deuxi\u00e8me place, croyez-vous toujours au titre ?<\/strong><br \/>Cette victoire nous a d\u2019abord permis de retrouver notre deuxi\u00e8me place qualificative \u00e0 la Ligue des champions d\u2019Afrique. Autrement dit, nous avons profit\u00e9 de la d\u00e9faite du PAC pour retrouver la 2e place. Pour le titre, oui, on y croit toujours. Rien n\u2019est encore jou\u00e9 et l\u2019USMA doit d\u2019abord battre le MCO pour finir championne. Cela risque de ne pas \u00eatre facile devant une \u00e9quipe qui joue sa survie en Ligue 1. La prochaine journ\u00e9e s\u2019annonce d\u00e9cisive.<\/p>\n<p><strong>A d\u00e9faut du championnat, pensez-vous que la deuxi\u00e8me place est d\u00e9j\u00e0 un exploit pour vous ?<\/strong><br \/>Ecoutez, au d\u00e9but de la saison, personne n\u2019avait mis\u00e9 sur cette \u00e9quipe. Tout le monde croyait qu\u2019on allait assurer difficilement notre maintien puisque la majorit\u00e9 des joueurs n\u2019ont pas d\u2019exp\u00e9rience. Mais au fil des rencontres, nous avons prouv\u00e9 que nous sommes capables de r\u00e9aliser beaucoup plus que le maintien. Aujourd\u2019hui, parvenir \u00e0 terminer la saison sur le podium est un vrai exploit. Du coup, dans le cas o\u00f9 ne nous remporterons pas le titre, la deuxi\u00e8me place serait un beau cadeau qu\u2019on offrira \u00e0 nos supporters.<\/p>\n<p><strong>Un d\u00e9placement difficile vous attend ce mardi face au NAHD, une \u00e9quipe n\u2019a pas encore assur\u00e9 son maintien. Comment appr\u00e9hendez-vous cette partie ?<\/strong><br \/>C\u2019est un match tr\u00e8s difficile devant une \u00e9quipe du NAHD qui n\u2019est pas \u00e0 l\u2019abri. Cela veut dire qu\u2019on va vraiment avoir affaire \u00e0 une formation motiv\u00e9e et d\u00e9termin\u00e9e \u00e0 nous battre. Du coup, il faut faire tr\u00e8s attention car on ne doit pas perdre. Il ne reste que deux matchs, il faudra faire le plein pour esp\u00e9rer terminer sur le podium.<\/p>\n<p><strong>Les supporters seront certainement nombreux, qu\u2019avez-vous \u00e0 leur dire ?<\/strong><br \/>Je tiens \u00e0 leur dire qu\u2019on aura besoin de leur soutien. De notre c\u00f4t\u00e9, nous allons tout donner sur le terrain pour leur procurer de la joie et leur offrir au moins la 2e place.<\/p>\n<p><strong>Vous avez retrouv\u00e9 votre place de titulaire, un commentaire ?<\/strong><br \/>Je suis tr\u00e8s heureux d\u2019avoir retrouv\u00e9 ma place, j\u2019ai \u00e9t\u00e9 laiss\u00e9 sur le banc face au CSC mais j\u2019ai toujours respect\u00e9 les choix de l\u2019entra\u00eeneur. L\u2019int\u00e9r\u00eat de l\u2019\u00e9quipe passe avant tout. Quand je joue, je donne le maximum sur le terrain.<br \/>.<\/p>\n<p><strong>Publi\u00e9 dans :<\/strong> <span>JSK<\/span> <span>csc<\/span> <span>Nahd<\/span> <span>Amir Belaili<\/span><\/p>\n<\/div>\n<p>Auteur:<br \/>\n<a href=\"http:\/\/www.lebuteur.com\/article\/detail?titre=jsk-belaili-on-na-pas-battu-lusma-pour-perdre-face-au-nahd&#038;id=88961&#038;utm_source=feedburner&#038;utm_medium=feed&#038;utm_campaign=Feed%3A+GalerieFArtciles+%28Les+derniers+articles++-+lebuteur.com%29\">Cliquez ici pour lire l&rsquo;article depuis sa source.<\/a><\/p>\n","protected":false},"excerpt":{"rendered":"<p>Auteur : S. D. lundi 20 mai 2019 14:10 De retour dans le onze, apr\u00e8s avoir \u00e9t\u00e9 laiss\u00e9 sur le banc face au CSC, l\u2019arri\u00e8re droit Amir Bela\u00efli, que nous avons interrog\u00e9 \u00e0 l\u2019issue du match face \u00e0 l\u2019USMA, a d\u00e9clar\u00e9 que les joueurs ont retrouv\u00e9 leurs sensations et que l\u2019objectif est de terminer la [&hellip;]<\/p>\n","protected":false},"author":1738,"featured_media":35412,"comment_status":"closed","ping_status":"closed","sticky":false,"template":"","format":"standard","meta":{"fifu_image_url":"","fifu_image_alt":"","footnotes":""},"categories":[53,75],"tags":[],"class_list":["post-35411","post","type-post","status-publish","format-standard","has-post-thumbnail","hentry","category-algerie","category-sport"],"_links":{"self":[{"href":"https:\/\/linitiative.ca\/International\/wp-json\/wp\/v2\/posts\/35411","targetHints":{"allow":["GET"]}}],"collection":[{"href":"https:\/\/linitiative.ca\/International\/wp-json\/wp\/v2\/posts"}],"about":[{"href":"https:\/\/linitiative.ca\/International\/wp-json\/wp\/v2\/types\/post"}],"author":[{"embeddable":true,"href":"https:\/\/linitiative.ca\/International\/wp-json\/wp\/v2\/users\/1738"}],"replies":[{"embeddable":true,"href":"https:\/\/linitiative.ca\/International\/wp-json\/wp\/v2\/comments?post=35411"}],"version-history":[{"count":0,"href":"https:\/\/linitiative.ca\/International\/wp-json\/wp\/v2\/posts\/35411\/revisions"}],"wp:featuredmedia":[{"embeddable":true,"href":"https:\/\/linitiative.ca\/International\/wp-json\/"}],"wp:attachment":[{"href":"https:\/\/linitiative.ca\/International\/wp-json\/wp\/v2\/media?parent=35411"}],"wp:term":[{"taxonomy":"category","embeddable":true,"href":"https:\/\/linitiative.ca\/International\/wp-json\/wp\/v2\/categories?post=35411"},{"taxonomy":"post_tag","embeddable":true,"href":"https:\/\/linitiative.ca\/International\/wp-json\/wp\/v2\/tags?post=35411"}],"curies":[{"name":"wp","href":"https:\/\/api.w.org\/{rel}","templated":true}]}}