{"id":35417,"date":"2019-05-20T15:14:19","date_gmt":"2019-05-20T19:14:19","guid":{"rendered":"https:\/\/linitiative.ca\/International\/ligue-1-2-crb-plus-de-peur-que-de-mal-pour-bechou\/"},"modified":"2019-05-20T15:14:19","modified_gmt":"2019-05-20T19:14:19","slug":"ligue-1-2-crb-plus-de-peur-que-de-mal-pour-bechou","status":"publish","type":"post","link":"https:\/\/linitiative.ca\/International\/ligue-1-2-crb-plus-de-peur-que-de-mal-pour-bechou\/","title":{"rendered":"Ligue 1 &amp; 2 : CRB: Plus de peur que de mal pour Bechou"},"content":{"rendered":"<div readability=\"32\">\n<p>Auteur : <span>Islam Tazibt<\/span> <span class=\"time\">lundi 20 mai 2019 14:10<\/span><\/p>\n<\/div>\n<div id=\"post_core\" readability=\"56\">\n<p>Les membres du staff technique du Chabab de Belouizdad peuvent l\u00e2cher un grand ouf de soulagement, leur attaquant et meilleur buteur cette saison, toutes comp\u00e9titions confondues, se porte merveilleusement bien. Les examens m\u00e9dicaux effectu\u00e9s avant-hier n\u2019ont rien r\u00e9v\u00e9l\u00e9. D\u2019ailleurs, Youcef Bechou a retrouv\u00e9 l\u2019ambiance des entra\u00eenements. Il a pris part \u00e0 la s\u00e9ance de reprise le plus normalement du monde, affichant m\u00eame de bonnes dispositions physiques. Une bonne nouvelle pour Amrani et ses adjoints qui ont rencontr\u00e9 des probl\u00e8mes en attaque lors de la derni\u00e8re rencontre de championnat face \u00e0 la JS Saoura.<\/p>\n<p><strong>Amrani pourrait le titulariser demain<\/strong><br \/>Pour le moment, rien n\u2019a encore \u00e9t\u00e9 d\u00e9cid\u00e9, ni sur le sch\u00e9ma de l\u2019\u00e9volution des co\u00e9quipiers de Balegh, ni m\u00eame sur la composante. D\u2019ailleurs, nous avons appris d\u2019une source proche du staff technique d\u2019Amrani, ce dernier h\u00e9site sur quelle strat\u00e9gie \u00e0 adopter : jouer l\u2019offensive ou la s\u00e9curit\u00e9 d\u00e9fensive ? On le saura ce mardi soir au coup d\u2019envoi. Par contre, peu importe sa strat\u00e9gie, il devrait remettre Youcef Bechou dans le onze. Et ce, en raison de l\u2019importance qu\u2019a le jeune attaquant au sein de l\u2019\u00e9quipe. En tout cas, avant de trancher, Amrani reste attentif au comportement des uns et des autres, et notamment celui de Bechou.<\/p>\n<\/div>\n<p>Auteur:<br \/>\n<a href=\"http:\/\/www.lebuteur.com\/article\/detail?titre=crb-plus-de-peur-que-de-mal-pour-bechou&#038;id=88951&#038;utm_source=feedburner&#038;utm_medium=feed&#038;utm_campaign=Feed%3A+GalerieFArtciles+%28Les+derniers+articles++-+lebuteur.com%29\">Cliquez ici pour lire l&rsquo;article depuis sa source.<\/a><\/p>\n","protected":false},"excerpt":{"rendered":"<p>Auteur : Islam Tazibt lundi 20 mai 2019 14:10 Les membres du staff technique du Chabab de Belouizdad peuvent l\u00e2cher un grand ouf de soulagement, leur attaquant et meilleur buteur cette saison, toutes comp\u00e9titions confondues, se porte merveilleusement bien. Les examens m\u00e9dicaux effectu\u00e9s avant-hier n\u2019ont rien r\u00e9v\u00e9l\u00e9. D\u2019ailleurs, Youcef Bechou a retrouv\u00e9 l\u2019ambiance des entra\u00eenements. [&hellip;]<\/p>\n","protected":false},"author":1738,"featured_media":35418,"comment_status":"closed","ping_status":"closed","sticky":false,"template":"","format":"standard","meta":{"fifu_image_url":"","fifu_image_alt":"","footnotes":""},"categories":[53,75],"tags":[],"class_list":["post-35417","post","type-post","status-publish","format-standard","has-post-thumbnail","hentry","category-algerie","category-sport"],"_links":{"self":[{"href":"https:\/\/linitiative.ca\/International\/wp-json\/wp\/v2\/posts\/35417","targetHints":{"allow":["GET"]}}],"collection":[{"href":"https:\/\/linitiative.ca\/International\/wp-json\/wp\/v2\/posts"}],"about":[{"href":"https:\/\/linitiative.ca\/International\/wp-json\/wp\/v2\/types\/post"}],"author":[{"embeddable":true,"href":"https:\/\/linitiative.ca\/International\/wp-json\/wp\/v2\/users\/1738"}],"replies":[{"embeddable":true,"href":"https:\/\/linitiative.ca\/International\/wp-json\/wp\/v2\/comments?post=35417"}],"version-history":[{"count":0,"href":"https:\/\/linitiative.ca\/International\/wp-json\/wp\/v2\/posts\/35417\/revisions"}],"wp:featuredmedia":[{"embeddable":true,"href":"https:\/\/linitiative.ca\/International\/wp-json\/"}],"wp:attachment":[{"href":"https:\/\/linitiative.ca\/International\/wp-json\/wp\/v2\/media?parent=35417"}],"wp:term":[{"taxonomy":"category","embeddable":true,"href":"https:\/\/linitiative.ca\/International\/wp-json\/wp\/v2\/categories?post=35417"},{"taxonomy":"post_tag","embeddable":true,"href":"https:\/\/linitiative.ca\/International\/wp-json\/wp\/v2\/tags?post=35417"}],"curies":[{"name":"wp","href":"https:\/\/api.w.org\/{rel}","templated":true}]}}