{"id":35419,"date":"2019-05-20T15:14:20","date_gmt":"2019-05-20T19:14:20","guid":{"rendered":"https:\/\/linitiative.ca\/International\/ligue-1-2-jsk-mellal-nous-recruterons-5-joueurs\/"},"modified":"2019-05-20T15:14:20","modified_gmt":"2019-05-20T19:14:20","slug":"ligue-1-2-jsk-mellal-nous-recruterons-5-joueurs","status":"publish","type":"post","link":"https:\/\/linitiative.ca\/International\/ligue-1-2-jsk-mellal-nous-recruterons-5-joueurs\/","title":{"rendered":"Ligue 1 &amp; 2 : JSK &#8211; Mellal: \u00abNous recruterons 5 joueurs \u00bb"},"content":{"rendered":"<div readability=\"32\">\n<p>Auteur : <span>L.A.<\/span> <span class=\"time\">lundi 20 mai 2019 14:10<\/span><\/p>\n<\/div>\n<div id=\"post_core\" readability=\"75\">\n<p>Le pr\u00e9sident de la JSK, Cherif Mellal, qui \u00e9tait invit\u00e9 de l\u2019\u00e9mission Annar sur TV4, a d\u00e9clar\u00e9 que la direction va proc\u00e9der bient\u00f4t au recrutement. Selon lui, 5 nouveaux joueurs seront engag\u00e9s : \u00abNous allons bient\u00f4t entamer l\u2019op\u00e9ration recrutement. On attend juste que la saison se finisse pour pouvoir entamer les n\u00e9gociations. Nous allons recruter cinq joueurs pour renforcer notre effectif.\u00bb<\/p>\n<p><strong>\u00abNous ciblerons des \u00e9l\u00e9ments capables d\u2019apporter un plus \u00e0 l\u2019\u00e9quipe\u00bb<\/strong><br \/>Toujours dans le m\u00eame contexte, Mellal ajoute : \u00abNous allons cibler des joueurs de qualit\u00e9. On ne fera plus du bricolage. Les \u00e9l\u00e9ments qui seront engag\u00e9s apporteront un grand plus, notamment en Ligue des champions que nous souhaitons jouer \u00e0 fond.\u00bb<\/p>\n<p><strong>\u00abNous ne bloquerons ni Chetti ni Fiston\u00bb<\/strong><br \/>Par rapport \u00e0 l\u2019avenir de Chetti et Fiston, Mellal ne s\u2019opposera pas \u00e0 leur d\u00e9part : \u00abOn ne va pas s\u2019opposer au d\u00e9part de Chetti et Fiston. Mais on ne les bradera pas. S\u2019ils ont des offres int\u00e9ressantes, on ne les bloquera pas.\u00bb<\/p>\n<p><strong>\u00abOn d\u00e9fendra nos chances jusqu\u2019\u00e0 la derni\u00e8re minute\u00bb<\/strong><br \/>Avant de conclure, le patron de la JSK dira : \u00abOn d\u00e9fendra nos chances jusqu\u2019\u00e0 la derni\u00e8re minute. Rien n\u2019est jou\u00e9, le titre est jouable. J\u2019invite les supporters \u00e0 venir en force pour nous soutenir.\u00bb<br \/>Apr\u00e8s sa brillante victoire \u00e0 domicile face \u00e0 l\u2019USMA lors de la pr\u00e9c\u00e9dente journ\u00e9e, la JSK s\u2019appr\u00eate \u00e0 livrer ce mardi une autre importante rencontre de cette fin de saison face au NAHD. Les hommes de Franck Dumas, qui se sont r\u00e9appropri\u00e9s la deuxi\u00e8me place au classement g\u00e9n\u00e9ral \u00e0\u00a0 la faveur de la victoire devant le leader, sont sur une courbe ascendante et veulent confirmer face aux Sang et Or dans un match o\u00f9 les locaux sont interdits de perdre s\u2019ils ne veulent pas compromettre leurs chances de rester en Ligue 1 Mobilis. Pour la JSK aussi, le match rev\u00eat une importance particuli\u00e8re, capitale\u00a0 dans la mesure o\u00f9 l\u2019objectif de jouer le titre de champion d\u2019Alg\u00e9rie est math\u00e9matiquement toujours jouable. Ainsi, la direction a d\u00e9cid\u00e9 de motiver les joueurs pour r\u00e9aliser un bon r\u00e9sultat au stade du 20-Ao\u00fbt et selon une source digne de foi, le pr\u00e9sident Mellal aurait confi\u00e9 qu\u2019il r\u00e9serve une forte prime, peut-\u00eatre le double de ce qu\u2019il a l\u2019habitude d\u2019offrir aux joueurs \u00e0 l\u2019ext\u00e9rieur.<\/p>\n<p><strong>Il se r\u00e9unira avec ses joueurs ce soir<\/strong><br \/>Les Canaris ont effectu\u00e9 hier soir une derni\u00e8re s\u00e9ance \u00e0 Tizi. Le d\u00e9part \u00e0 Alger est pr\u00e9vu aujourd\u2019hui et la direction a pris toutes les dispositions pour la mise au vert \u00e0 l\u2019h\u00f4tel l\u2019Hirondelle de Bordj El Kifan. On croit savoir que le pr\u00e9sident Mellal a pr\u00e9vu de tenir une r\u00e9union, ce soir apr\u00e8s le F\u2019tour avec ses joueurs pour les sensibiliser sur l\u2019importance de gagner les trois points du match. Certes, le titre n\u2019est pas entre les mains des Canaris qui doivent attendre un faux pas de l\u2019USMA qui re\u00e7oit le MCO et se d\u00e9place \u00e0 Constantine lors de la derni\u00e8re journ\u00e9e, n\u00e9anmoins le pr\u00e9sident Mellal affirme que ses joueurs ne l\u00e2cheront pas cet objectif jusqu\u2019\u00e0 l\u2019ultime journ\u00e9e.<br \/>\u00a0<\/p>\n<\/div>\n<p>Auteur:<br \/>\n<a href=\"http:\/\/www.lebuteur.com\/article\/detail?titre=jsk-mellal-nous-recruterons-5-joueurs&#038;id=88950&#038;utm_source=feedburner&#038;utm_medium=feed&#038;utm_campaign=Feed%3A+GalerieFArtciles+%28Les+derniers+articles++-+lebuteur.com%29\">Cliquez ici pour lire l&rsquo;article depuis sa source.<\/a><\/p>\n","protected":false},"excerpt":{"rendered":"<p>Auteur : L.A. lundi 20 mai 2019 14:10 Le pr\u00e9sident de la JSK, Cherif Mellal, qui \u00e9tait invit\u00e9 de l\u2019\u00e9mission Annar sur TV4, a d\u00e9clar\u00e9 que la direction va proc\u00e9der bient\u00f4t au recrutement. Selon lui, 5 nouveaux joueurs seront engag\u00e9s : \u00abNous allons bient\u00f4t entamer l\u2019op\u00e9ration recrutement. On attend juste que la saison se finisse [&hellip;]<\/p>\n","protected":false},"author":1738,"featured_media":35420,"comment_status":"closed","ping_status":"closed","sticky":false,"template":"","format":"standard","meta":{"fifu_image_url":"","fifu_image_alt":"","footnotes":""},"categories":[53,75],"tags":[],"class_list":["post-35419","post","type-post","status-publish","format-standard","has-post-thumbnail","hentry","category-algerie","category-sport"],"_links":{"self":[{"href":"https:\/\/linitiative.ca\/International\/wp-json\/wp\/v2\/posts\/35419","targetHints":{"allow":["GET"]}}],"collection":[{"href":"https:\/\/linitiative.ca\/International\/wp-json\/wp\/v2\/posts"}],"about":[{"href":"https:\/\/linitiative.ca\/International\/wp-json\/wp\/v2\/types\/post"}],"author":[{"embeddable":true,"href":"https:\/\/linitiative.ca\/International\/wp-json\/wp\/v2\/users\/1738"}],"replies":[{"embeddable":true,"href":"https:\/\/linitiative.ca\/International\/wp-json\/wp\/v2\/comments?post=35419"}],"version-history":[{"count":0,"href":"https:\/\/linitiative.ca\/International\/wp-json\/wp\/v2\/posts\/35419\/revisions"}],"wp:featuredmedia":[{"embeddable":true,"href":"https:\/\/linitiative.ca\/International\/wp-json\/"}],"wp:attachment":[{"href":"https:\/\/linitiative.ca\/International\/wp-json\/wp\/v2\/media?parent=35419"}],"wp:term":[{"taxonomy":"category","embeddable":true,"href":"https:\/\/linitiative.ca\/International\/wp-json\/wp\/v2\/categories?post=35419"},{"taxonomy":"post_tag","embeddable":true,"href":"https:\/\/linitiative.ca\/International\/wp-json\/wp\/v2\/tags?post=35419"}],"curies":[{"name":"wp","href":"https:\/\/api.w.org\/{rel}","templated":true}]}}