{"id":35423,"date":"2019-05-20T15:14:23","date_gmt":"2019-05-20T19:14:23","guid":{"rendered":"https:\/\/linitiative.ca\/International\/ligue-1-2-mca-le-coach-attend-lultime-seance-pour-composer-le-onze-rentrant\/"},"modified":"2019-05-20T15:14:23","modified_gmt":"2019-05-20T19:14:23","slug":"ligue-1-2-mca-le-coach-attend-lultime-seance-pour-composer-le-onze-rentrant","status":"publish","type":"post","link":"https:\/\/linitiative.ca\/International\/ligue-1-2-mca-le-coach-attend-lultime-seance-pour-composer-le-onze-rentrant\/","title":{"rendered":"Ligue 1 &amp; 2 : MCA: Le coach attend l\u2019ultime s\u00e9ance pour composer le onze rentrant"},"content":{"rendered":"<div readability=\"32\">\n<p>Auteur : <span>Kamel M.<\/span> <span class=\"time\">lundi 20 mai 2019 14:11<\/span><\/p>\n<\/div>\n<div id=\"post_core\" readability=\"70\">\n<p>En pr\u00e9vision du prochain match de championnat que son \u00e9quipe livrera face \u00e0 l\u2019USMBA, le coach du vieux club alg\u00e9rois n\u2019est pas encore fix\u00e9 sur le onze rentrant. Priv\u00e9 des services de Demou lors de la r\u00e9cente confrontation livr\u00e9e face au MOB au stade du 5-Juillet, Mekhazni a r\u00e9cup\u00e9r\u00e9 Demou, mais en contrepartie il risque d\u2019\u00eatre priv\u00e9 des services de Bendebka qui ne s\u2019est pas entrain\u00e9 avec le groupe. Ce dernier devait \u00eatre examin\u00e9 hier par le m\u00e9decin de l\u2019\u00e9quipe, avant qu\u2019il\u00a0 soit autoris\u00e9 \u00e0 reprendre le travail. La participation de Bendebka est donc tributaire de l\u2019\u00e9volution de son \u00e9tat de sant\u00e9. D\u2019autre part\u00a0\u00a0 Lamara est soumis \u00e0 une forte pression du fait qu\u2019il\u00a0 affrontera son ancienne \u00e9quipe qui joue sa survie en \u00e9lite. Ce sont donc ces donn\u00e9es qui ont contraint Mekhazni \u00e0 trancher sur les joueurs qui seront align\u00e9s d\u2019entr\u00e9e ce mardi au stade du 24-F\u00e9vrier.<\/p>\n<p><strong>Demou jouera au c\u00f4t\u00e9 de Merouani et Haddouche pourra remplacer Lamara<\/strong><br \/>Au niveau de la d\u00e9fense et lorsqu\u2019on sait que le coach n\u2019a pas\u00a0 de solution au niveau de\u00a0 la charni\u00e8re centrale, il est \u00e9vident que Demou, qui est r\u00e9tabli, jouera au c\u00f4t\u00e9 de Merouani. Toutefois Mekhazni pourrait apporter un autre changement en d\u00e9fense,\u00a0 celui de titulariser Haddouche \u00e0 la place de Lamara, puisque ce dernier,\u00a0\u00a0 est soumis \u00e0 une forte pression. Bien qu\u2019il soit attaquant de m\u00e9tier, Haddouche a toujours tir\u00e9 son \u00e9pingle du jeu lorsqu\u2019il \u00e9volue en d\u00e9fense.<br \/>\u00a0<br \/><strong>Bourdim pourra pr\u00e9server sa place au milieu si Bendebka n\u2019est\u00a0\u00a0 pas r\u00e9tabli<\/strong><br \/>Contrairement \u00e0 la d\u00e9fense qui connaitra probablement deux changements relativement au dernier match de championnat, au milieu du terrain, les choses s\u2019annoncent d\u2019une mani\u00e8re diff\u00e9rente.\u00a0 Dans le cas o\u00f9 Bendebka est r\u00e9tabli, il retrouvera sa place au milieu du terrain et \u00e9voluera au c\u00f4t\u00e9 de Dieng et Amada et aura pour t\u00e2che d\u2019animer le jeu, lorsqu\u2019on sait que le Mouloudia \u00e9voluera avec trois attaquants et cela m\u00eame en dehors de ses bases. Maintenant, et dans le cas o\u00f9 Bendebka sera contraint de d\u00e9clarer forfait,\u00a0 c\u2019est Bourdim qui prendra sa place sur le terrain pour assurer l\u2019animation du jeu, bien qu\u2019il soit loin de sa forme habituelle.<\/p>\n<p><strong>L\u2019embarras du choix en attaque et\u00a0 vers la titularisation de Benaldjia<\/strong><br \/>Quant \u00e0 la ligne offensive, il semble bien que Mekhazni aura l\u2019embarras du choix pour composer le trio de sa ligne offensive. S\u2019il est \u00e9vident qu\u2019il reconduira Frioui et Nekkache, il y a de fortes chances\u00a0 que Benaldjia retrouve sa place de titulaire. Faisant son entr\u00e9e en cours du jeu que cela soit face \u00e0 la JSS ou le MOB, il a toujours donn\u00e9 un plus \u00e0 l\u2019\u00e9quipe en r\u00e9servant sa r\u00e9ponse sur le terrain. N\u2019\u00e9tant pas habitu\u00e9 \u00e0 prendre place sur le banc, c\u2019est avec une grande joie que Benaldjia retrouvera son poste en ligne d\u2019attaque, lui qui veut terminer la saison sur une bonne note.\u00a0\u00a0<\/p>\n<p><strong>Publi\u00e9 dans :<\/strong> <span>mca<\/span> <span>Frioui<\/span> <span>Nekkache<\/span><\/p>\n<\/div>\n<p>Auteur:<br \/>\n<a href=\"http:\/\/www.lebuteur.com\/article\/detail?titre=mca-le-coach-attend-lultime-seance-pour-composer-le-onze-rentrant&#038;id=88945&#038;utm_source=feedburner&#038;utm_medium=feed&#038;utm_campaign=Feed%3A+GalerieFArtciles+%28Les+derniers+articles++-+lebuteur.com%29\">Cliquez ici pour lire l&rsquo;article depuis sa source.<\/a><\/p>\n","protected":false},"excerpt":{"rendered":"<p>Auteur : Kamel M. lundi 20 mai 2019 14:11 En pr\u00e9vision du prochain match de championnat que son \u00e9quipe livrera face \u00e0 l\u2019USMBA, le coach du vieux club alg\u00e9rois n\u2019est pas encore fix\u00e9 sur le onze rentrant. Priv\u00e9 des services de Demou lors de la r\u00e9cente confrontation livr\u00e9e face au MOB au stade du 5-Juillet, [&hellip;]<\/p>\n","protected":false},"author":1738,"featured_media":35424,"comment_status":"closed","ping_status":"closed","sticky":false,"template":"","format":"standard","meta":{"fifu_image_url":"","fifu_image_alt":"","footnotes":""},"categories":[53,75],"tags":[],"class_list":["post-35423","post","type-post","status-publish","format-standard","has-post-thumbnail","hentry","category-algerie","category-sport"],"_links":{"self":[{"href":"https:\/\/linitiative.ca\/International\/wp-json\/wp\/v2\/posts\/35423","targetHints":{"allow":["GET"]}}],"collection":[{"href":"https:\/\/linitiative.ca\/International\/wp-json\/wp\/v2\/posts"}],"about":[{"href":"https:\/\/linitiative.ca\/International\/wp-json\/wp\/v2\/types\/post"}],"author":[{"embeddable":true,"href":"https:\/\/linitiative.ca\/International\/wp-json\/wp\/v2\/users\/1738"}],"replies":[{"embeddable":true,"href":"https:\/\/linitiative.ca\/International\/wp-json\/wp\/v2\/comments?post=35423"}],"version-history":[{"count":0,"href":"https:\/\/linitiative.ca\/International\/wp-json\/wp\/v2\/posts\/35423\/revisions"}],"wp:featuredmedia":[{"embeddable":true,"href":"https:\/\/linitiative.ca\/International\/wp-json\/"}],"wp:attachment":[{"href":"https:\/\/linitiative.ca\/International\/wp-json\/wp\/v2\/media?parent=35423"}],"wp:term":[{"taxonomy":"category","embeddable":true,"href":"https:\/\/linitiative.ca\/International\/wp-json\/wp\/v2\/categories?post=35423"},{"taxonomy":"post_tag","embeddable":true,"href":"https:\/\/linitiative.ca\/International\/wp-json\/wp\/v2\/tags?post=35423"}],"curies":[{"name":"wp","href":"https:\/\/api.w.org\/{rel}","templated":true}]}}