{"id":35427,"date":"2019-05-20T15:14:26","date_gmt":"2019-05-20T19:14:26","guid":{"rendered":"https:\/\/linitiative.ca\/International\/international-le-psg-reagit-a-la-sortie-polemique-de-mbappe\/"},"modified":"2019-05-20T15:14:26","modified_gmt":"2019-05-20T19:14:26","slug":"international-le-psg-reagit-a-la-sortie-polemique-de-mbappe","status":"publish","type":"post","link":"https:\/\/linitiative.ca\/International\/international-le-psg-reagit-a-la-sortie-polemique-de-mbappe\/","title":{"rendered":"International : Le PSG r\u00e9agit \u00e0 la sortie pol\u00e9mique de Mbapp\u00e9"},"content":{"rendered":"<div readability=\"32\">\n<p>Auteur : <span class=\"time\">lundi 20 mai 2019 19:44<\/span><\/p>\n<\/div>\n<div id=\"post_core\" readability=\"40.0575427683\">\n<p>Apr\u00e8s <a href=\"http:\/\/www.lebuteur.com\/article\/detail?titre=psg-une-declaration-de-mbappe-fait-la-une-des-medias-espagnols&#038;id=88964\"><span class=\"c1\">la sortie tr\u00e8s comment\u00e9e de Kylian Mbapp\u00e9<\/span><\/a> aux Troph\u00e9es UNFP, le PSG a d\u00e9cid\u00e9 de r\u00e9agir sur Twitter : \u00ab\u00a0Des liens tr\u00e8s forts unissent le Paris Saint-Germain et Kylian Mbapp\u00e9 depuis deux ans, et l&rsquo;histoire commune se poursuivra la saison prochaine. Avec une ambition partag\u00e9e de marquer l&rsquo;histoire du football europ\u00e9en, l&rsquo;ann\u00e9e des 50 ans du PSG, un moment tr\u00e8s attendu pour \u00e9crire \u00e9galement tous ensemble une grande page de l&rsquo;histoire de notre club.\u00a0\u00bb<\/p>\n<p>En concluant: \u00ab\u00a0Dans laquelle chaque acteur majeur devra prendre toute sa part, en oeuvrant toujours pour le collectif.\u00a0\u00bb Des propos relay\u00e9s par Football.<\/p>\n<p><strong>Publi\u00e9 dans :<\/strong> <span>PSG<\/span><\/p>\n<\/div>\n<p>Auteur:<br \/>\n<a href=\"http:\/\/www.lebuteur.com\/article\/detail?titre=le-psg-reagit-a-la-sortie-polemique-de-mbappe&#038;id=88973&#038;utm_source=feedburner&#038;utm_medium=feed&#038;utm_campaign=Feed%3A+GalerieFArtciles+%28Les+derniers+articles++-+lebuteur.com%29\">Cliquez ici pour lire l&rsquo;article depuis sa source.<\/a><\/p>\n","protected":false},"excerpt":{"rendered":"<p>Auteur : lundi 20 mai 2019 19:44 Apr\u00e8s la sortie tr\u00e8s comment\u00e9e de Kylian Mbapp\u00e9 aux Troph\u00e9es UNFP, le PSG a d\u00e9cid\u00e9 de r\u00e9agir sur Twitter : \u00ab\u00a0Des liens tr\u00e8s forts unissent le Paris Saint-Germain et Kylian Mbapp\u00e9 depuis deux ans, et l&rsquo;histoire commune se poursuivra la saison prochaine. Avec une ambition partag\u00e9e de marquer [&hellip;]<\/p>\n","protected":false},"author":1738,"featured_media":35428,"comment_status":"closed","ping_status":"closed","sticky":false,"template":"","format":"standard","meta":{"fifu_image_url":"","fifu_image_alt":"","footnotes":""},"categories":[53,75],"tags":[],"class_list":["post-35427","post","type-post","status-publish","format-standard","has-post-thumbnail","hentry","category-algerie","category-sport"],"_links":{"self":[{"href":"https:\/\/linitiative.ca\/International\/wp-json\/wp\/v2\/posts\/35427","targetHints":{"allow":["GET"]}}],"collection":[{"href":"https:\/\/linitiative.ca\/International\/wp-json\/wp\/v2\/posts"}],"about":[{"href":"https:\/\/linitiative.ca\/International\/wp-json\/wp\/v2\/types\/post"}],"author":[{"embeddable":true,"href":"https:\/\/linitiative.ca\/International\/wp-json\/wp\/v2\/users\/1738"}],"replies":[{"embeddable":true,"href":"https:\/\/linitiative.ca\/International\/wp-json\/wp\/v2\/comments?post=35427"}],"version-history":[{"count":0,"href":"https:\/\/linitiative.ca\/International\/wp-json\/wp\/v2\/posts\/35427\/revisions"}],"wp:featuredmedia":[{"embeddable":true,"href":"https:\/\/linitiative.ca\/International\/wp-json\/"}],"wp:attachment":[{"href":"https:\/\/linitiative.ca\/International\/wp-json\/wp\/v2\/media?parent=35427"}],"wp:term":[{"taxonomy":"category","embeddable":true,"href":"https:\/\/linitiative.ca\/International\/wp-json\/wp\/v2\/categories?post=35427"},{"taxonomy":"post_tag","embeddable":true,"href":"https:\/\/linitiative.ca\/International\/wp-json\/wp\/v2\/tags?post=35427"}],"curies":[{"name":"wp","href":"https:\/\/api.w.org\/{rel}","templated":true}]}}