{"id":35430,"date":"2019-05-19T19:00:00","date_gmt":"2019-05-19T23:00:00","guid":{"rendered":"https:\/\/linitiative.ca\/International\/situation-politique-accumulation-de-propositions\/"},"modified":"2019-05-19T19:00:00","modified_gmt":"2019-05-19T23:00:00","slug":"situation-politique-accumulation-de-propositions","status":"publish","type":"post","link":"https:\/\/linitiative.ca\/International\/situation-politique-accumulation-de-propositions\/","title":{"rendered":"Situation politique : accumulation de propositions"},"content":{"rendered":"<p><strong>C\u2019est dans un contexte d\u2019accumulation de propositions exprimant une volont\u00e9 de transcender le contexte actuel, pour aller vers une solution consensuelle, qu\u2019intervient la cl\u00f4ture de l\u2019op\u00e9ration de d\u00e9p\u00f4t de candidature pour la pr\u00e9sidentielle du 4 juillet.<\/strong><\/p>\n<p>Cette\u00a0 premi\u00e8re \u00e9tape du processus \u00e9lectoral, d\u00e9cid\u00e9e par le chef de l\u2019Etat, Abdelkader\u00a0 Bensalah, dans le cadre de ses missions pour une p\u00e9riode de 90 jours, est en effet arriv\u00e9e \u00e0 terme hier soir \u00e0 minuit. Il en ressort un bilan provisoire de 74 lettres d\u2019intention par lesquelles leurs auteurs souhaitent se porter candidats\u00a0 \u00e0 la magistrature supr\u00eame lors d\u2019un scrutin fix\u00e9 au 4 juillet dans le respect des \u00e9ch\u00e9ances\u00a0 constitutionnelles dict\u00e9es notamment par l\u2019article 102 de la Loi fondamentale.\u00a0 Quant au profil de ces postulants, l\u2019opinion retient que trois d\u2019entre eux appartiennent \u00e0 des partis politiques. En tout \u00e9tat de cause, cette premi\u00e8re \u00e9tape \u00e9tant arriv\u00e9e \u00e0 terme, la phase suivante de ce processus se rapporte \u00e0 l\u2019examen de ces dossiers par le Conseil constitutionnel qui aura \u00e0 se prononcer dans un d\u00e9lai ne d\u00e9passant pas dix jours sur les postulants retenus. A rappeler que la tenue de la pr\u00e9sidentielle le 4 juillet a \u00e9t\u00e9 d\u00e9cid\u00e9e\u00a0 le 9 avril dernier par le chef de l\u2019Etat Abdelkader Bensalah, qui avait convoqu\u00e9 le m\u00eame jour\u00a0 le corps \u00e9lectoral. Face \u00e0 la dynamique citoyenne marqu\u00e9e par la poursuite des manifestations pacifiques r\u00e9clamant un changement radical et le d\u00e9part de toutes les figures embl\u00e9matiques du syst\u00e8me, le chef de l\u2019Etat a fait en sorte de maintenir ce calendrier \u00e9lectoral qui, pour l\u2019heure, demeure toujours inchang\u00e9. Il est confort\u00e9 dans sa position par le soutien de l\u2019institution militaire exprim\u00e9e par la voix du\u00a0 chef d\u2019\u00e9tat-major de l\u2019ANP, Ahmed Gaid Salah, qui dans sa premi\u00e8re r\u00e9action, \u00e0 partir d\u2019Oran, \u00e0 la convocation du\u00a0 corps \u00e9lectoral, avait affirm\u00e9 que \u00abla p\u00e9riode de transition destin\u00e9e \u00e0 la pr\u00e9paration des \u00e9lections pr\u00e9sidentielles, se fera avec l\u2019accompagnement de l\u2019Arm\u00e9e nationale populaire, qui veillera au suivi de cette phase, au regard de la confiance r\u00e9ciproque entre le peuple et son arm\u00e9e, dans un climat de s\u00e9r\u00e9nit\u00e9 et dans le strict respect des r\u00e8gles de transparence et d\u2019int\u00e9grit\u00e9 et des lois de la R\u00e9publique\u00bb. Ahmed Gaid Salah avait\u00a0 aussi accus\u00e9\u00a0 par la m\u00eame occasion \u00abcertaines parties\u00bb de pousser certains individus au devant de la sc\u00e8ne actuelle en les imposant comme repr\u00e9sentants du peuple en vue de conduire la phase de transition, afin de \u00abmettre en ex\u00e9cution leurs desseins visant \u00e0 d\u00e9stabiliser le pays\u00bb. Depuis cette d\u00e9nonciation, l\u2019\u00e9volution de la situation dans le\u00a0\u00a0 sillage de laquelle se sont succ\u00e9d\u00e9\u00a0 de grands\u00a0 rebondissements a permis de lever davantage le voile sur ces viles intentions de conduire le pays vers le chaos. L\u2019opinion d\u00e9couvre\u00a0 alors l\u2019existence de forces \u00abextraconstitutionnelles, et l\u2019institution militaire a affirm\u00e9, de son c\u00f4t\u00e9, sa d\u00e9termination \u00e0 faire barrage \u00e0 tous ceux qui tenteraient d\u2019\u00e9branler\u00a0 la stabilit\u00e9 du pays\u00bb. La m\u00eame institution avait clairement port\u00e9 \u00e0 la connaissance de l\u2019opinion le complot qui se tramait contre l\u2019Alg\u00e9rie,\u00a0 orchestr\u00e9 par des\u00a0 individus qui \u00abont vendu leur conscience et qui n\u2019ont cure de l\u2019int\u00e9r\u00eat sup\u00e9rieur du pays\u00bb. Ceux-l\u00e0 m\u00eames \u00abqui voudraient voir perdurer la crise en rejetant toutes les solutions disponibles et possibles, et\u00a0 qui ont attendu des ann\u00e9es durant\u00a0 pour mettre \u00e0 ex\u00e9cution leur plan machiav\u00e9lique\u00bb.\u00a0<br \/>Ceci\u00a0 \u00e9tant\u00a0 dit\u00a0 et pour revenir \u00e0 la pr\u00e9sidentielle du\u00a0 4 juillet, l\u2019attachement du chef de l\u2019Etat \u00e0 ce processus qu\u2019il a r\u00e9it\u00e9r\u00e9 d\u2019ailleurs\u00a0 lors de l\u2019audience accord\u00e9e\u00a0 r\u00e9cemment au Premier ministre d\u00e9note son souci d\u2019\u00e9viter le vide constitutionnel, synonyme d\u2019un\u00a0 saut dans l\u2019inconnu\u00a0 pour le pays. En raison de l\u2019absence d\u2019un consensus sur la solution \u00e0 la crise politique que vit pays, le chef de l\u2019Etat a sans doute pr\u00e9f\u00e9r\u00e9 s\u2019en tenir au respect des \u00e9ch\u00e9ances dict\u00e9es par la Constitution plut\u00f4t que d\u2019aller vers\u00a0 d\u2019autres formes de transition al\u00e9atoires. Pour autant, l\u2019opinion se pose toujours cette\u00a0 question : y aura-t-il r\u00e9ellement une pr\u00e9sidentielle le 4\u00a0 juillet ? Les jours qui vont suivre\u00a0 nous le diront.\u00a0<br \/>\u00a0\u00a0\u00a0\u00a0 Karim Aoudia\u00a0<br \/>\u00a0<\/p>\n<p>Auteur: elmoudjahid<br \/>\n<a href=\"http:\/\/www.elmoudjahid.com\/fr\/actualites\/137106\">Cliquez ici pour lire l&rsquo;article depuis sa source.<\/a><\/p>\n","protected":false},"excerpt":{"rendered":"<p>C\u2019est dans un contexte d\u2019accumulation de propositions exprimant une volont\u00e9 de transcender le contexte actuel, pour aller vers une solution consensuelle, qu\u2019intervient la cl\u00f4ture de l\u2019op\u00e9ration de d\u00e9p\u00f4t de candidature pour la pr\u00e9sidentielle du 4 juillet. Cette\u00a0 premi\u00e8re \u00e9tape du processus \u00e9lectoral, d\u00e9cid\u00e9e par le chef de l\u2019Etat, Abdelkader\u00a0 Bensalah, dans le cadre de ses [&hellip;]<\/p>\n","protected":false},"author":1744,"featured_media":0,"comment_status":"closed","ping_status":"closed","sticky":false,"template":"","format":"standard","meta":{"fifu_image_url":"","fifu_image_alt":"","footnotes":""},"categories":[73,53],"tags":[],"class_list":["post-35430","post","type-post","status-publish","format-standard","hentry","category-actualite","category-algerie"],"_links":{"self":[{"href":"https:\/\/linitiative.ca\/International\/wp-json\/wp\/v2\/posts\/35430","targetHints":{"allow":["GET"]}}],"collection":[{"href":"https:\/\/linitiative.ca\/International\/wp-json\/wp\/v2\/posts"}],"about":[{"href":"https:\/\/linitiative.ca\/International\/wp-json\/wp\/v2\/types\/post"}],"author":[{"embeddable":true,"href":"https:\/\/linitiative.ca\/International\/wp-json\/wp\/v2\/users\/1744"}],"replies":[{"embeddable":true,"href":"https:\/\/linitiative.ca\/International\/wp-json\/wp\/v2\/comments?post=35430"}],"version-history":[{"count":0,"href":"https:\/\/linitiative.ca\/International\/wp-json\/wp\/v2\/posts\/35430\/revisions"}],"wp:attachment":[{"href":"https:\/\/linitiative.ca\/International\/wp-json\/wp\/v2\/media?parent=35430"}],"wp:term":[{"taxonomy":"category","embeddable":true,"href":"https:\/\/linitiative.ca\/International\/wp-json\/wp\/v2\/categories?post=35430"},{"taxonomy":"post_tag","embeddable":true,"href":"https:\/\/linitiative.ca\/International\/wp-json\/wp\/v2\/tags?post=35430"}],"curies":[{"name":"wp","href":"https:\/\/api.w.org\/{rel}","templated":true}]}}