{"id":35431,"date":"2019-05-19T19:00:00","date_gmt":"2019-05-19T23:00:00","guid":{"rendered":"https:\/\/linitiative.ca\/International\/ffs-une-conference-nationale-de-concertation-et-de-dialogue\/"},"modified":"2019-05-19T19:00:00","modified_gmt":"2019-05-19T23:00:00","slug":"ffs-une-conference-nationale-de-concertation-et-de-dialogue","status":"publish","type":"post","link":"https:\/\/linitiative.ca\/International\/ffs-une-conference-nationale-de-concertation-et-de-dialogue\/","title":{"rendered":"FFS : Une conf\u00e9rence nationale de concertation et de dialogue"},"content":{"rendered":"<p>Le FFS propose la tenue d&rsquo;une conf\u00e9rence nationale de concertation et de dialogue regroupant les forces \u00ab vives \u00bb du changement d\u00e9mocratique dans des d\u00e9lais \u00ab raisonnables \u00bb et pr\u00e9cise que cette rencontre servira \u00ab d&rsquo;assise \u00bb et de \u00ab rampe de lancement \u00bb \u00e0 un \u00ab vrai \u00bb pacte politique consensuel qui\u00a0 \u00ab d\u00e9finira par la suite les contours \u00bb du processus de transition d\u00e9mocratique dans le pays.\u00a0 Dans une d\u00e9claration rendue publique, hier, et sign\u00e9e par son Premier secr\u00e9taire, Hakim Belahcel, le Front des forces socialistes estime en effet que la \u00ab nouvelle \u00bb dynamique traduite par la \u00ab pleine effervescence \u00bb constat\u00e9e au sein de l\u2019opposition (partis politiques, organisations sociales ou syndicales, personnalit\u00e9s nationales,\u2026) ne peut \u00eatre que \u00ab b\u00e9n\u00e9fique \u00bb et \u00ab salvatrice \u00bb pour \u00ab accompagner \u00bb le peuple dans sa r\u00e9volution pacifique contre l&rsquo;ordre \u00e9tabli. \u00ab Soucieux de l&rsquo;imp\u00e9ratif du succ\u00e8s de cette initiative de rapprochement politique et conscient de sa port\u00e9e sur le devenir du pays, nous proposons que cette premi\u00e8re rencontre se tienne sans pr\u00e9alables et sans conditions \u00bb, sugg\u00e8re la formation, laquelle assure sa disposition \u00e0 \u00ab contribuer activement \u00bb \u00e0 mettre en \u0153uvre ce projet politique qui est \u00absalutaire \u00bb pour l\u2019avenir du peuple et de la nation. Le parti assure qu\u2019il ne m\u00e9nagera aucun effort afin de faire aboutir toute initiative politique capable d&rsquo;inscrire le pays dans un \u00abvrai\u00bb processus d\u00e9mocratique de transition, prot\u00e9g\u00e9 et garanti par l&rsquo;institution militaire sans que celle-ci interf\u00e8re dans ses tenants et aboutissants. Pour le FFS, le peuple alg\u00e9rien a \u00ab largement \u00bb exprim\u00e9 ses attentes et a \u00ab brillamment \u00bb d\u00e9velopp\u00e9 ses visions du \u2018\u2018comment doit \u00eatre l&rsquo;Alg\u00e9rie de demain\u2019\u2019 et d\u00e9clin\u00e9 d&rsquo;une mani\u00e8re exhaustive et d\u00e9taill\u00e9e les pr\u00e9alables \u00ab idoines \u00bb afin d&rsquo;amorcer une \u00ab v\u00e9ritable \u00bb sortie de crise qui soit la \u00ab moins co\u00fbteuse \u00bb au peuple et au pays.<br \/>\u00ab Ainsi donc, nous devons imm\u00e9diatement apporter notre pierre \u00e0 cet \u00e9difice de transition d\u00e9mocratique tout en restant en phase avec les revendications l\u00e9gitimes exprim\u00e9es par les millions d&rsquo;Alg\u00e9riennes et d&rsquo;Alg\u00e9riens \u00bb, lit-on dans cette d\u00e9claration intitul\u00e9e \u2018\u2018Appel aux forces vives de l\u2019alternative d\u00e9mocratique\u2019\u2019. \u00ab Fervent \u00bb d\u00e9fenseur du principe du dialogue et des solutions politiques concert\u00e9es et n\u00e9goci\u00e9es, le Front des forces socialistes rappelle qu\u2019il a mis en avant depuis bient\u00f4t un mois une \u2018\u2018initiative de sortie de crise pour l&rsquo;av\u00e8nement de la deuxi\u00e8me R\u00e9publique\u2019\u2019 et assure \u00e0 ce propos qu\u2019il n\u2019est pas rest\u00e9 au stade de propositions et avait d\u00e9j\u00e0 entam\u00e9 un programme de rencontres avec des personnalit\u00e9s nationales et associatives \u00e9voluant dans divers horizons. \u00ab Aujourd\u2019hui, il est plus qu\u2019indispensable, voire urgent, d\u2019acc\u00e9l\u00e9rer la cadence de ces rapprochements d&rsquo;id\u00e9es et de visions. La multiplication des initiatives politiques de sortie de crise traduit parfaitement la volont\u00e9 de ces acteurs politiques et sociaux \u00e0 contribuer efficacement et sinc\u00e8rement \u00e0 l\u2019\u00e9dification d&rsquo;une nouvelle R\u00e9publique qui prendra en charge les attentes et les aspirations l\u00e9gitimes du peuple alg\u00e9rien \u00bb, note le plus vieux parti d\u2019opposition qui affirme son \u00ab enti\u00e8re disponibilit\u00e9 \u00bb \u00e0 les \u00ab discuter \u00bb et \u00e0 les \u00abd\u00e9battre \u00bb dans un cadre \u00ab appropri\u00e9 \u00bb et \u00ab favorable \u00bb \u00e0 l\u2019\u00e9mergence d&rsquo;une issue \u00ab consensuelle \u00bb et \u00abadapt\u00e9e\u00bb \u00e0 la crise multidimensionnelle qui \u00ab mine \u00bb l\u2019avenir du pays.<br \/>S. A. M.<\/p>\n<p>Auteur: elmoudjahid<br \/>\n<a href=\"http:\/\/www.elmoudjahid.com\/fr\/actualites\/137107\">Cliquez ici pour lire l&rsquo;article depuis sa source.<\/a><\/p>\n","protected":false},"excerpt":{"rendered":"<p>Le FFS propose la tenue d&rsquo;une conf\u00e9rence nationale de concertation et de dialogue regroupant les forces \u00ab vives \u00bb du changement d\u00e9mocratique dans des d\u00e9lais \u00ab raisonnables \u00bb et pr\u00e9cise que cette rencontre servira \u00ab d&rsquo;assise \u00bb et de \u00ab rampe de lancement \u00bb \u00e0 un \u00ab vrai \u00bb pacte politique consensuel qui\u00a0 \u00ab d\u00e9finira [&hellip;]<\/p>\n","protected":false},"author":1744,"featured_media":0,"comment_status":"closed","ping_status":"closed","sticky":false,"template":"","format":"standard","meta":{"fifu_image_url":"","fifu_image_alt":"","footnotes":""},"categories":[73,53],"tags":[],"class_list":["post-35431","post","type-post","status-publish","format-standard","hentry","category-actualite","category-algerie"],"_links":{"self":[{"href":"https:\/\/linitiative.ca\/International\/wp-json\/wp\/v2\/posts\/35431","targetHints":{"allow":["GET"]}}],"collection":[{"href":"https:\/\/linitiative.ca\/International\/wp-json\/wp\/v2\/posts"}],"about":[{"href":"https:\/\/linitiative.ca\/International\/wp-json\/wp\/v2\/types\/post"}],"author":[{"embeddable":true,"href":"https:\/\/linitiative.ca\/International\/wp-json\/wp\/v2\/users\/1744"}],"replies":[{"embeddable":true,"href":"https:\/\/linitiative.ca\/International\/wp-json\/wp\/v2\/comments?post=35431"}],"version-history":[{"count":0,"href":"https:\/\/linitiative.ca\/International\/wp-json\/wp\/v2\/posts\/35431\/revisions"}],"wp:attachment":[{"href":"https:\/\/linitiative.ca\/International\/wp-json\/wp\/v2\/media?parent=35431"}],"wp:term":[{"taxonomy":"category","embeddable":true,"href":"https:\/\/linitiative.ca\/International\/wp-json\/wp\/v2\/categories?post=35431"},{"taxonomy":"post_tag","embeddable":true,"href":"https:\/\/linitiative.ca\/International\/wp-json\/wp\/v2\/tags?post=35431"}],"curies":[{"name":"wp","href":"https:\/\/api.w.org\/{rel}","templated":true}]}}