{"id":35432,"date":"2019-05-19T19:00:00","date_gmt":"2019-05-19T23:00:00","guid":{"rendered":"https:\/\/linitiative.ca\/International\/m-bensalah-salue-la-maturite-des-etudiants\/"},"modified":"2019-05-19T19:00:00","modified_gmt":"2019-05-19T23:00:00","slug":"m-bensalah-salue-la-maturite-des-etudiants","status":"publish","type":"post","link":"https:\/\/linitiative.ca\/International\/m-bensalah-salue-la-maturite-des-etudiants\/","title":{"rendered":"M. Bensalah salue  la maturit\u00e9 des \u00e9tudiants"},"content":{"rendered":"<p>Le chef de l&rsquo;\u00c9tat, Abdelkader Bensalah, a salu\u00e9, hier, le r\u00f4le \u00abavant-gardiste\u00bb des \u00e9tudiants alg\u00e9riens, lors des marches pacifiques qu&rsquo;ils ont imprim\u00e9es de maturit\u00e9, et \u00e0 travers lesquelles ils ont fait montre de leur conscience des enjeux de cette sensible conjoncture pour l&rsquo;Alg\u00e9rie. Dans un message, \u00e0 l&rsquo;occasion de la Journ\u00e9e nationale de l&rsquo;\u00e9tudiant, le chef de l&rsquo;\u00c9tat a affirm\u00e9 que \u00ables \u00e9tudiants ont eu, dans cet \u00e9lan, un r\u00f4le avant-gardiste en se mettant en t\u00eate des rangs et en imprimant de maturit\u00e9 leurs marches, \u00e0 travers lesquelles ils ont fait montre de leur conscience des enjeux de cette sensible conjoncture pour notre pays et de l&rsquo;ampleur des d\u00e9fis qui les attendent\u00bb. \u00abF\u00e9licitations \u00e0 eux pour cette image distingu\u00e9e qui a impressionn\u00e9 le monde entier au point de devenir un exemple et un mod\u00e8le \u00e0 suivre\u00bb, a-t-il ajout\u00e9. \u00c0 ce titre, M. Bensalah a rappel\u00e9 que \u00abl&rsquo;Alg\u00e9rie vit une p\u00e9riode augurant des perspectives prometteuses pour un avenir o\u00f9 la parole sera donn\u00e9e au peuple souverain pour le choix de ses dirigeants dans le cadre de r\u00e9elles garanties d&rsquo;une rivalit\u00e9 honn\u00eate et juste, \u00e0 m\u00eame d&rsquo;asseoir les fondements d&rsquo;une bonne gouvernance et de conforter l&rsquo;\u00c9tat de droit\u00bb. Affirmant que \u00abla situation de l&rsquo;Alg\u00e9rie aujourd&rsquo;hui est semblable \u00e0 hier\u00bb, M. Bensalah s&rsquo;est dit convaincu qu&rsquo;elle (l&rsquo;Alg\u00e9rie) \u00absaura se relever et sortir indemne de son \u00e9preuve, gr\u00e2ce \u00e0 ses loyaux enfants qui ont mis de c\u00f4t\u00e9 leur vie pour se consacrer r\u00e9solument \u00e0 l&rsquo;\u00e9dification de leur patrie afin que leur peuple puisse vivre dans la s\u00e9curit\u00e9, la stabilit\u00e9, la s\u00e9r\u00e9nit\u00e9 et la prosp\u00e9rit\u00e9\u00bb. \u00c0 cet effet, il a estim\u00e9 qu&rsquo;il \u00e9tait \u00abdu devoir de chaque citoyen jaloux de sa patrie de prendre exemple sur ses a\u00efeux qui n&rsquo;ont pas h\u00e9sit\u00e9 \u00e0 sacrifier leur vie pour l&rsquo;Alg\u00e9rie et d&rsquo;\u00eatre un \u00e9l\u00e9ment \u00e9dificateur et rassembleur pour que fusionnent les bonnes volont\u00e9s sur une m\u00eame voie\u00bb. Cette d\u00e9marche m\u00e8nerait l&rsquo;Alg\u00e9rie \u00abvers l&rsquo;or\u00e9e d&rsquo;une nouvelle \u00e8re o\u00f9 les \u00e9nergies du peuple seront consacr\u00e9es \u00e0 la reconstruction et au d\u00e9veloppement du pays\u00bb. Pour ce faire, il a exhort\u00e9 les \u00e9tudiantes et \u00e9tudiants \u00e0 \u00abfocaliser leurs efforts sur une acquisition solide du savoir et aller de l&rsquo;avant pour relever le d\u00e9fi de la recherche scientifique et du d\u00e9veloppement technologique\u00bb. \u00c9voquant \u00abcette journ\u00e9e m\u00e9morable de 1956\u00bb, le chef de l&rsquo;\u00c9tat a rappel\u00e9 que \u00ables \u00e9tudiants et lyc\u00e9ens ont fait le choix de quitter les bancs de l&rsquo;universit\u00e9 et des lyc\u00e9es pour rallier les rangs de la Glorieuse R\u00e9volution\u00bb, affirmant que c&rsquo;est l\u00e0 \u00abun anniversaire dont nous c\u00e9l\u00e9brons chaque ann\u00e9e la port\u00e9 et la symbolique en termes de d\u00e9fi et d&rsquo;engagement, une journ\u00e9e dont le souvenir doit rester inoubliable\u00bb. \u00abUne telle c\u00e9l\u00e9bration nous interpelle tous \u00e0 s&rsquo;inspirer de sa signification, lorsque l&rsquo;int\u00e9r\u00eat et le devenir du peuple avaient prim\u00e9 les int\u00e9r\u00eats personnels, et l&rsquo;abn\u00e9gation des \u00e9tudiants alg\u00e9riens s&rsquo;\u00e9tait illustr\u00e9e dans sa plus belle et noble expression\u00bb, a-t-il soulign\u00e9.<br \/>\u00a0<\/p>\n<p>Auteur: elmoudjahid<br \/>\n<a href=\"http:\/\/www.elmoudjahid.com\/fr\/actualites\/137108\">Cliquez ici pour lire l&rsquo;article depuis sa source.<\/a><\/p>\n","protected":false},"excerpt":{"rendered":"<p>Le chef de l&rsquo;\u00c9tat, Abdelkader Bensalah, a salu\u00e9, hier, le r\u00f4le \u00abavant-gardiste\u00bb des \u00e9tudiants alg\u00e9riens, lors des marches pacifiques qu&rsquo;ils ont imprim\u00e9es de maturit\u00e9, et \u00e0 travers lesquelles ils ont fait montre de leur conscience des enjeux de cette sensible conjoncture pour l&rsquo;Alg\u00e9rie. Dans un message, \u00e0 l&rsquo;occasion de la Journ\u00e9e nationale de l&rsquo;\u00e9tudiant, le [&hellip;]<\/p>\n","protected":false},"author":1744,"featured_media":0,"comment_status":"closed","ping_status":"closed","sticky":false,"template":"","format":"standard","meta":{"fifu_image_url":"","fifu_image_alt":"","footnotes":""},"categories":[73,53],"tags":[],"class_list":["post-35432","post","type-post","status-publish","format-standard","hentry","category-actualite","category-algerie"],"_links":{"self":[{"href":"https:\/\/linitiative.ca\/International\/wp-json\/wp\/v2\/posts\/35432","targetHints":{"allow":["GET"]}}],"collection":[{"href":"https:\/\/linitiative.ca\/International\/wp-json\/wp\/v2\/posts"}],"about":[{"href":"https:\/\/linitiative.ca\/International\/wp-json\/wp\/v2\/types\/post"}],"author":[{"embeddable":true,"href":"https:\/\/linitiative.ca\/International\/wp-json\/wp\/v2\/users\/1744"}],"replies":[{"embeddable":true,"href":"https:\/\/linitiative.ca\/International\/wp-json\/wp\/v2\/comments?post=35432"}],"version-history":[{"count":0,"href":"https:\/\/linitiative.ca\/International\/wp-json\/wp\/v2\/posts\/35432\/revisions"}],"wp:attachment":[{"href":"https:\/\/linitiative.ca\/International\/wp-json\/wp\/v2\/media?parent=35432"}],"wp:term":[{"taxonomy":"category","embeddable":true,"href":"https:\/\/linitiative.ca\/International\/wp-json\/wp\/v2\/categories?post=35432"},{"taxonomy":"post_tag","embeddable":true,"href":"https:\/\/linitiative.ca\/International\/wp-json\/wp\/v2\/tags?post=35432"}],"curies":[{"name":"wp","href":"https:\/\/api.w.org\/{rel}","templated":true}]}}