{"id":35433,"date":"2019-05-19T19:00:00","date_gmt":"2019-05-19T23:00:00","guid":{"rendered":"https:\/\/linitiative.ca\/International\/m-gaid-salah-en-visite-de-travail-a-ouargla\/"},"modified":"2019-05-19T19:00:00","modified_gmt":"2019-05-19T23:00:00","slug":"m-gaid-salah-en-visite-de-travail-a-ouargla","status":"publish","type":"post","link":"https:\/\/linitiative.ca\/International\/m-gaid-salah-en-visite-de-travail-a-ouargla\/","title":{"rendered":"M. Ga\u00efd Salah en visite  de travail \u00e0 Ouargla"},"content":{"rendered":"<p>Le G\u00e9n\u00e9ral de Corps d\u2019Arm\u00e9e, Ahmed Ga\u00efd Salah,\u00a0\u00a0 vice-ministre de la D\u00e9fense nationale, Chef d\u2019\u00e9tat-major de l\u2019Arm\u00e9e nationale populaire, effectue, depuis hier, une visite de travail et d\u2019inspection \u00e0 la 4e R\u00e9gion militaire \u00e0 Ouargla, indique le minist\u00e8re de la D\u00e9fense nationale, dans un communiqu\u00e9. \u00abLe G\u00e9n\u00e9ral de Corps d\u2019Arm\u00e9e proc\u00e8dera, lors de cette visite, \u00e0 la supervision des tirs de contr\u00f4le, conform\u00e9ment \u00e0 la directive\u00a0\u00a0 op\u00e9rationnelle\u00bb, pr\u00e9cise la m\u00eame source.\u00a0 Il pr\u00e9sidera \u00e9galement \u00abdes r\u00e9unions d\u2019orientation avec les cadres et les personnels de la 4e R\u00e9gion militaire\u00bb.<\/p>\n<p>Auteur: elmoudjahid<br \/>\n<a href=\"http:\/\/www.elmoudjahid.com\/fr\/actualites\/137109\">Cliquez ici pour lire l&rsquo;article depuis sa source.<\/a><\/p>\n","protected":false},"excerpt":{"rendered":"<p>Le G\u00e9n\u00e9ral de Corps d\u2019Arm\u00e9e, Ahmed Ga\u00efd Salah,\u00a0\u00a0 vice-ministre de la D\u00e9fense nationale, Chef d\u2019\u00e9tat-major de l\u2019Arm\u00e9e nationale populaire, effectue, depuis hier, une visite de travail et d\u2019inspection \u00e0 la 4e R\u00e9gion militaire \u00e0 Ouargla, indique le minist\u00e8re de la D\u00e9fense nationale, dans un communiqu\u00e9. \u00abLe G\u00e9n\u00e9ral de Corps d\u2019Arm\u00e9e proc\u00e8dera, lors de cette visite, [&hellip;]<\/p>\n","protected":false},"author":1744,"featured_media":0,"comment_status":"closed","ping_status":"closed","sticky":false,"template":"","format":"standard","meta":{"fifu_image_url":"","fifu_image_alt":"","footnotes":""},"categories":[73,53],"tags":[],"class_list":["post-35433","post","type-post","status-publish","format-standard","hentry","category-actualite","category-algerie"],"_links":{"self":[{"href":"https:\/\/linitiative.ca\/International\/wp-json\/wp\/v2\/posts\/35433","targetHints":{"allow":["GET"]}}],"collection":[{"href":"https:\/\/linitiative.ca\/International\/wp-json\/wp\/v2\/posts"}],"about":[{"href":"https:\/\/linitiative.ca\/International\/wp-json\/wp\/v2\/types\/post"}],"author":[{"embeddable":true,"href":"https:\/\/linitiative.ca\/International\/wp-json\/wp\/v2\/users\/1744"}],"replies":[{"embeddable":true,"href":"https:\/\/linitiative.ca\/International\/wp-json\/wp\/v2\/comments?post=35433"}],"version-history":[{"count":0,"href":"https:\/\/linitiative.ca\/International\/wp-json\/wp\/v2\/posts\/35433\/revisions"}],"wp:attachment":[{"href":"https:\/\/linitiative.ca\/International\/wp-json\/wp\/v2\/media?parent=35433"}],"wp:term":[{"taxonomy":"category","embeddable":true,"href":"https:\/\/linitiative.ca\/International\/wp-json\/wp\/v2\/categories?post=35433"},{"taxonomy":"post_tag","embeddable":true,"href":"https:\/\/linitiative.ca\/International\/wp-json\/wp\/v2\/tags?post=35433"}],"curies":[{"name":"wp","href":"https:\/\/api.w.org\/{rel}","templated":true}]}}