{"id":35434,"date":"2019-05-19T19:00:00","date_gmt":"2019-05-19T23:00:00","guid":{"rendered":"https:\/\/linitiative.ca\/International\/opep-entretiens-de-m-arkab\/"},"modified":"2019-05-19T19:00:00","modified_gmt":"2019-05-19T23:00:00","slug":"opep-entretiens-de-m-arkab","status":"publish","type":"post","link":"https:\/\/linitiative.ca\/International\/opep-entretiens-de-m-arkab\/","title":{"rendered":"OPEP : Entretiens de M. Arkab"},"content":{"rendered":"<p>En pr\u00e9vision de la tenue aujourd\u2019hui de la 14e r\u00e9union du Comit\u00e9 minist\u00e9riel conjoint de Monitoring des pays Opep et non-Opep signataires de la d\u00e9claration de coop\u00e9ration (JMMC), le ministre de l&rsquo;\u00c9nergie, M. Mohammed Arkab, a eu des entretiens avec ses homologues, ministres des pays Opep et non-Opep membres du JMMC, le Pr\u00e9sident de l&rsquo;Opep, M. Khalid Al Falih, et le Secr\u00e9taire g\u00e9n\u00e9ral de l&rsquo;Opep, M. Mohamed Barkindo.<br \/>Avec son homologue saoudien, M. Khalid Al Falih, ministre de l\u2019\u00c9nergie, de l\u2019Industrie et des Ressources min\u00e9rales, les entretiens ont port\u00e9 sur l\u2019\u00e9volution des march\u00e9s p\u00e9troliers, qui, selon les deux ministres, sont en voie de stabilisation, gr\u00e2ce aux efforts men\u00e9s conjointement par les pays Opep et non-Opep. Les ministres se sont \u00e9galement montr\u00e9s satisfaits de l\u2019excellent niveau de conformit\u00e9 des pays Opep et non-Opep signataires de la d\u00e9claration de coop\u00e9ration, et ont appel\u00e9 \u00e0 maintenir les efforts pour assurer la stabilisation des march\u00e9s sur le moyen et long terme. Les ministres ont discut\u00e9 aussi des voies et moyens pour maintenir le dialogue entre tous les pays producteurs dans un cadre institutionnel afin de pr\u00e9server l\u2019\u00e9quilibre du march\u00e9 et assurer les investissements futurs dans l\u2019industrie p\u00e9troli\u00e8re et ceux au b\u00e9n\u00e9fice, aussi bien des pays producteurs que des pays consommateurs.<br \/>Le ministre de l\u2019\u00c9nergie s\u2019est entretenu \u00e9galement avec son homologue russe, M. Alexander Novak, et avec le ministre \u00e9mirati M. Suhail Al Mazrouei. Il s\u2019est entretenu aussi avec son homologue v\u00e9n\u00e9zu\u00e9lien M. Manuel Salvador Quevedo Fern\u00e1ndez, ainsi qu\u2019avec Monsieur Parviz Shahbazov, ministre de l\u2019\u00c9nergie de la R\u00e9publique d\u2019Azerba\u00efdjan. Les parties ont abord\u00e9 l&rsquo;\u00e9volution des march\u00e9s p\u00e9troliers et les perspectives pour 2019 de m\u00eame que des perspectives de d\u00e9veloppement des relations bilat\u00e9rales dans le domaine de l\u2019\u00c9nergie, plus particuli\u00e8rement dans l\u2019exploration et le d\u00e9veloppement des capacit\u00e9s de production des hydrocarbures. Les ministres ont, notamment \u00e9voqu\u00e9 la n\u00e9cessit\u00e9 d\u2019\u00e9changer les exp\u00e9riences, pour mieux investir dans les \u00e9nergies renouvelables, mais encore pour que les revenus en hydrocarbures servent davantage \u00e0 diversifier les \u00e9conomies et les rendre moins d\u00e9pendantes des ressources d\u2019origine fossile. Le ministre, dans une d\u00e9claration \u00e0 la presse, a relev\u00e9 que les efforts conjoints des pays ont permis de contribuer tr\u00e8s fortement \u00e0 la stabilisation et \u00e0 l\u2019\u00e9quilibre des march\u00e9s p\u00e9troliers. Ces efforts, a-t-il ajout\u00e9, doivent \u00eatre poursuivis et intensifi\u00e9s, pour atteindre les objectifs attendus sur le moyen et long terme. Le ministre a d\u00e9clar\u00e9 que les march\u00e9s r\u00e9pondent positivement \u00e0 l\u2019effort collectif, ce qui t\u00e9moigne de l\u2019efficacit\u00e9 des m\u00e9canismes mis en \u0153uvre par les 24 pays Opep et non-Opep et de la cr\u00e9dibilit\u00e9 de leur d\u00e9marche. Le ministre s\u2019est dit satisfait, \u00e0 ce propos, de la convergence des points de vue et de la bonne coordination qui caract\u00e9rise les relations entre pays Opep et non-Opep. Il a \u00e9galement mis en avant le r\u00f4le d\u00e9terminant de l\u2019Alg\u00e9rie qui a rendu possible l\u2019historique accord d\u2019Alger du 28 septembre 2016 et dont a d\u00e9coul\u00e9 la r\u00e9ussite de tout le processus actuel.<br \/>\u00a0<\/p>\n<p>Auteur: elmoudjahid<br \/>\n<a href=\"http:\/\/www.elmoudjahid.com\/fr\/actualites\/137110\">Cliquez ici pour lire l&rsquo;article depuis sa source.<\/a><\/p>\n","protected":false},"excerpt":{"rendered":"<p>En pr\u00e9vision de la tenue aujourd\u2019hui de la 14e r\u00e9union du Comit\u00e9 minist\u00e9riel conjoint de Monitoring des pays Opep et non-Opep signataires de la d\u00e9claration de coop\u00e9ration (JMMC), le ministre de l&rsquo;\u00c9nergie, M. Mohammed Arkab, a eu des entretiens avec ses homologues, ministres des pays Opep et non-Opep membres du JMMC, le Pr\u00e9sident de l&rsquo;Opep, [&hellip;]<\/p>\n","protected":false},"author":1744,"featured_media":0,"comment_status":"closed","ping_status":"closed","sticky":false,"template":"","format":"standard","meta":{"fifu_image_url":"","fifu_image_alt":"","footnotes":""},"categories":[73,53],"tags":[],"class_list":["post-35434","post","type-post","status-publish","format-standard","hentry","category-actualite","category-algerie"],"_links":{"self":[{"href":"https:\/\/linitiative.ca\/International\/wp-json\/wp\/v2\/posts\/35434","targetHints":{"allow":["GET"]}}],"collection":[{"href":"https:\/\/linitiative.ca\/International\/wp-json\/wp\/v2\/posts"}],"about":[{"href":"https:\/\/linitiative.ca\/International\/wp-json\/wp\/v2\/types\/post"}],"author":[{"embeddable":true,"href":"https:\/\/linitiative.ca\/International\/wp-json\/wp\/v2\/users\/1744"}],"replies":[{"embeddable":true,"href":"https:\/\/linitiative.ca\/International\/wp-json\/wp\/v2\/comments?post=35434"}],"version-history":[{"count":0,"href":"https:\/\/linitiative.ca\/International\/wp-json\/wp\/v2\/posts\/35434\/revisions"}],"wp:attachment":[{"href":"https:\/\/linitiative.ca\/International\/wp-json\/wp\/v2\/media?parent=35434"}],"wp:term":[{"taxonomy":"category","embeddable":true,"href":"https:\/\/linitiative.ca\/International\/wp-json\/wp\/v2\/categories?post=35434"},{"taxonomy":"post_tag","embeddable":true,"href":"https:\/\/linitiative.ca\/International\/wp-json\/wp\/v2\/tags?post=35434"}],"curies":[{"name":"wp","href":"https:\/\/api.w.org\/{rel}","templated":true}]}}