{"id":35436,"date":"2019-05-19T19:00:00","date_gmt":"2019-05-19T23:00:00","guid":{"rendered":"https:\/\/linitiative.ca\/International\/retrait-des-documents-de-voyage-des-responsables-des-banques-information-denuee-de-tout-fondement\/"},"modified":"2019-05-19T19:00:00","modified_gmt":"2019-05-19T23:00:00","slug":"retrait-des-documents-de-voyage-des-responsables-des-banques-information-denuee-de-tout-fondement","status":"publish","type":"post","link":"https:\/\/linitiative.ca\/International\/retrait-des-documents-de-voyage-des-responsables-des-banques-information-denuee-de-tout-fondement\/","title":{"rendered":"Retrait des documents de voyage des responsables des banques : Information  \u00ab d\u00e9nu\u00e9e de tout fondement \u00bb"},"content":{"rendered":"<p>L&rsquo;Association professionnelle des banques et des \u00e9tablissements financiers (ABEF) a qualifi\u00e9 hier de \u00abd\u00e9nu\u00e9e de tout\u00a0\u00a0 fondement\u00bb, l&rsquo;information de presse faisant \u00e9tat d&rsquo;un \u00abpr\u00e9tendu\u00bb retrait des documents de voyage des premiers responsables des \u00e9tablissements bancaires publics et priv\u00e9s.\u00a0 L&rsquo;ABEF a tenu, dans un communiqu\u00e9, \u00e0 apporter \u00abun d\u00e9menti cat\u00e9gorique \u00e0 cette information, d\u00e9nu\u00e9e de tout fondement\u00bb.<\/p>\n<p>Auteur: elmoudjahid<br \/>\n<a href=\"http:\/\/www.elmoudjahid.com\/fr\/actualites\/137112\">Cliquez ici pour lire l&rsquo;article depuis sa source.<\/a><\/p>\n","protected":false},"excerpt":{"rendered":"<p>L&rsquo;Association professionnelle des banques et des \u00e9tablissements financiers (ABEF) a qualifi\u00e9 hier de \u00abd\u00e9nu\u00e9e de tout\u00a0\u00a0 fondement\u00bb, l&rsquo;information de presse faisant \u00e9tat d&rsquo;un \u00abpr\u00e9tendu\u00bb retrait des documents de voyage des premiers responsables des \u00e9tablissements bancaires publics et priv\u00e9s.\u00a0 L&rsquo;ABEF a tenu, dans un communiqu\u00e9, \u00e0 apporter \u00abun d\u00e9menti cat\u00e9gorique \u00e0 cette information, d\u00e9nu\u00e9e de tout [&hellip;]<\/p>\n","protected":false},"author":1744,"featured_media":0,"comment_status":"closed","ping_status":"closed","sticky":false,"template":"","format":"standard","meta":{"fifu_image_url":"","fifu_image_alt":"","footnotes":""},"categories":[73,53],"tags":[],"class_list":["post-35436","post","type-post","status-publish","format-standard","hentry","category-actualite","category-algerie"],"_links":{"self":[{"href":"https:\/\/linitiative.ca\/International\/wp-json\/wp\/v2\/posts\/35436","targetHints":{"allow":["GET"]}}],"collection":[{"href":"https:\/\/linitiative.ca\/International\/wp-json\/wp\/v2\/posts"}],"about":[{"href":"https:\/\/linitiative.ca\/International\/wp-json\/wp\/v2\/types\/post"}],"author":[{"embeddable":true,"href":"https:\/\/linitiative.ca\/International\/wp-json\/wp\/v2\/users\/1744"}],"replies":[{"embeddable":true,"href":"https:\/\/linitiative.ca\/International\/wp-json\/wp\/v2\/comments?post=35436"}],"version-history":[{"count":0,"href":"https:\/\/linitiative.ca\/International\/wp-json\/wp\/v2\/posts\/35436\/revisions"}],"wp:attachment":[{"href":"https:\/\/linitiative.ca\/International\/wp-json\/wp\/v2\/media?parent=35436"}],"wp:term":[{"taxonomy":"category","embeddable":true,"href":"https:\/\/linitiative.ca\/International\/wp-json\/wp\/v2\/categories?post=35436"},{"taxonomy":"post_tag","embeddable":true,"href":"https:\/\/linitiative.ca\/International\/wp-json\/wp\/v2\/tags?post=35436"}],"curies":[{"name":"wp","href":"https:\/\/api.w.org\/{rel}","templated":true}]}}