{"id":35437,"date":"2019-05-19T19:00:00","date_gmt":"2019-05-19T23:00:00","guid":{"rendered":"https:\/\/linitiative.ca\/International\/72e-assemblee-mondiale-de-la-sante-m-miraoui-a-geneve\/"},"modified":"2019-05-19T19:00:00","modified_gmt":"2019-05-19T23:00:00","slug":"72e-assemblee-mondiale-de-la-sante-m-miraoui-a-geneve","status":"publish","type":"post","link":"https:\/\/linitiative.ca\/International\/72e-assemblee-mondiale-de-la-sante-m-miraoui-a-geneve\/","title":{"rendered":"72e Assembl\u00e9e mondiale de la Sant\u00e9  :  M. Miraoui \u00e0 Gen\u00e8ve"},"content":{"rendered":"<p>Le ministre de la Sant\u00e9, de la Population et de la R\u00e9forme hospitali\u00e8re, Mohammed Miraoui, pr\u00e9sidera la d\u00e9l\u00e9gation alg\u00e9rienne devant se rendre \u00e0 partir d\u2019hier et jusqu&rsquo;au 22 mai \u00e0 Gen\u00e8ve (Suisse), pour participer aux travaux de la soixante-douzi\u00e8me Assembl\u00e9e mondiale de la Sant\u00e9 (AMS), indique le minist\u00e8re, dans un communiqu\u00e9.\u00a0 Lors de cette session, qui se tiendra du 20 au 28 de ce mois, le ministre interviendra en pl\u00e9ni\u00e8re pour exposer la vision de l\u2019Alg\u00e9rie en mati\u00e8re de sant\u00e9 publique, ainsi que les progr\u00e8s r\u00e9alis\u00e9s dans ce domaine, pr\u00e9cise la m\u00eame source. L\u2019AMS abordera, au cours de ses travaux, plusieurs th\u00e9matiques en relation\u00a0\u00a0 avec les probl\u00e9matiques de sant\u00e9 publique dans le monde, notamment \u00abLes soins de sant\u00e9 primaires en vue de la couverture sanitaire universelle\u00bb, \u00abLa sant\u00e9, environnements et changements climatiques\u00bb et \u00abL&rsquo;acc\u00e8s aux\u00a0\u00a0 m\u00e9dicaments et aux vaccins\u00bb, souligne le minist\u00e8re.\u00a0<br \/>En marge de ces travaux, le ministre, qui aura plusieurs entretiens avec ses homologues de diff\u00e9rents pays, participera \u00e0 la r\u00e9union des ministres africains de la sant\u00e9, conclut le communiqu\u00e9.<\/p>\n<p>Auteur: elmoudjahid<br \/>\n<a href=\"http:\/\/www.elmoudjahid.com\/fr\/actualites\/137113\">Cliquez ici pour lire l&rsquo;article depuis sa source.<\/a><\/p>\n","protected":false},"excerpt":{"rendered":"<p>Le ministre de la Sant\u00e9, de la Population et de la R\u00e9forme hospitali\u00e8re, Mohammed Miraoui, pr\u00e9sidera la d\u00e9l\u00e9gation alg\u00e9rienne devant se rendre \u00e0 partir d\u2019hier et jusqu&rsquo;au 22 mai \u00e0 Gen\u00e8ve (Suisse), pour participer aux travaux de la soixante-douzi\u00e8me Assembl\u00e9e mondiale de la Sant\u00e9 (AMS), indique le minist\u00e8re, dans un communiqu\u00e9.\u00a0 Lors de cette session, [&hellip;]<\/p>\n","protected":false},"author":1744,"featured_media":0,"comment_status":"closed","ping_status":"closed","sticky":false,"template":"","format":"standard","meta":{"fifu_image_url":"","fifu_image_alt":"","footnotes":""},"categories":[73,53],"tags":[],"class_list":["post-35437","post","type-post","status-publish","format-standard","hentry","category-actualite","category-algerie"],"_links":{"self":[{"href":"https:\/\/linitiative.ca\/International\/wp-json\/wp\/v2\/posts\/35437","targetHints":{"allow":["GET"]}}],"collection":[{"href":"https:\/\/linitiative.ca\/International\/wp-json\/wp\/v2\/posts"}],"about":[{"href":"https:\/\/linitiative.ca\/International\/wp-json\/wp\/v2\/types\/post"}],"author":[{"embeddable":true,"href":"https:\/\/linitiative.ca\/International\/wp-json\/wp\/v2\/users\/1744"}],"replies":[{"embeddable":true,"href":"https:\/\/linitiative.ca\/International\/wp-json\/wp\/v2\/comments?post=35437"}],"version-history":[{"count":0,"href":"https:\/\/linitiative.ca\/International\/wp-json\/wp\/v2\/posts\/35437\/revisions"}],"wp:attachment":[{"href":"https:\/\/linitiative.ca\/International\/wp-json\/wp\/v2\/media?parent=35437"}],"wp:term":[{"taxonomy":"category","embeddable":true,"href":"https:\/\/linitiative.ca\/International\/wp-json\/wp\/v2\/categories?post=35437"},{"taxonomy":"post_tag","embeddable":true,"href":"https:\/\/linitiative.ca\/International\/wp-json\/wp\/v2\/tags?post=35437"}],"curies":[{"name":"wp","href":"https:\/\/api.w.org\/{rel}","templated":true}]}}