{"id":35438,"date":"2019-05-19T19:00:00","date_gmt":"2019-05-19T23:00:00","guid":{"rendered":"https:\/\/linitiative.ca\/International\/le-premier-ministre-nigerien-en-visite-officielle-a-partir-daujourdhui\/"},"modified":"2019-05-19T19:00:00","modified_gmt":"2019-05-19T23:00:00","slug":"le-premier-ministre-nigerien-en-visite-officielle-a-partir-daujourdhui","status":"publish","type":"post","link":"https:\/\/linitiative.ca\/International\/le-premier-ministre-nigerien-en-visite-officielle-a-partir-daujourdhui\/","title":{"rendered":"Le Premier ministre nig\u00e9rien en visite officielle \u00e0 partir d\u2019aujourd\u2019hui"},"content":{"rendered":"<p>\u00a0\u00ab\u00c0 l&rsquo;invitation du Premier ministre, Nouredddine Bedoui, Son Excellence Brigi Rafini, Premier ministre, Chef du gouvernement de la R\u00e9publique du Niger, effectuera une visite officielle en Alg\u00e9rie, les 20 et 21 mai 2019\u00bb, ont annonc\u00e9 les services du Premier minist\u00e8re, dans un communiqu\u00e9, a pr\u00e9cis\u00e9 la m\u00eame source.<br \/>La visite \u00abs&rsquo;inscrit dans le cadre de la tradition de dialogue et de concertation existant entre les deux pays\u00bb, a-t-on soulign\u00e9, affirmant qu&rsquo;elle \u00abpermettra aux deux parties d&rsquo;examiner l&rsquo;\u00e9tat de la coop\u00e9ration bilat\u00e9rale, ainsi que les perspectives de sa dynamisation et de son \u00e9largissement\u00bb. Cette visite sera \u00e9galement \u00abl&rsquo;occasion d&rsquo;aborder les questions r\u00e9gionales internationales d&rsquo;int\u00e9r\u00eat commun\u00bb.<\/p>\n<p>Auteur: elmoudjahid<br \/>\n<a href=\"http:\/\/www.elmoudjahid.com\/fr\/actualites\/137114\">Cliquez ici pour lire l&rsquo;article depuis sa source.<\/a><\/p>\n","protected":false},"excerpt":{"rendered":"<p>\u00a0\u00ab\u00c0 l&rsquo;invitation du Premier ministre, Nouredddine Bedoui, Son Excellence Brigi Rafini, Premier ministre, Chef du gouvernement de la R\u00e9publique du Niger, effectuera une visite officielle en Alg\u00e9rie, les 20 et 21 mai 2019\u00bb, ont annonc\u00e9 les services du Premier minist\u00e8re, dans un communiqu\u00e9, a pr\u00e9cis\u00e9 la m\u00eame source.La visite \u00abs&rsquo;inscrit dans le cadre de la [&hellip;]<\/p>\n","protected":false},"author":1744,"featured_media":0,"comment_status":"closed","ping_status":"closed","sticky":false,"template":"","format":"standard","meta":{"fifu_image_url":"","fifu_image_alt":"","footnotes":""},"categories":[73,53],"tags":[],"class_list":["post-35438","post","type-post","status-publish","format-standard","hentry","category-actualite","category-algerie"],"_links":{"self":[{"href":"https:\/\/linitiative.ca\/International\/wp-json\/wp\/v2\/posts\/35438","targetHints":{"allow":["GET"]}}],"collection":[{"href":"https:\/\/linitiative.ca\/International\/wp-json\/wp\/v2\/posts"}],"about":[{"href":"https:\/\/linitiative.ca\/International\/wp-json\/wp\/v2\/types\/post"}],"author":[{"embeddable":true,"href":"https:\/\/linitiative.ca\/International\/wp-json\/wp\/v2\/users\/1744"}],"replies":[{"embeddable":true,"href":"https:\/\/linitiative.ca\/International\/wp-json\/wp\/v2\/comments?post=35438"}],"version-history":[{"count":0,"href":"https:\/\/linitiative.ca\/International\/wp-json\/wp\/v2\/posts\/35438\/revisions"}],"wp:attachment":[{"href":"https:\/\/linitiative.ca\/International\/wp-json\/wp\/v2\/media?parent=35438"}],"wp:term":[{"taxonomy":"category","embeddable":true,"href":"https:\/\/linitiative.ca\/International\/wp-json\/wp\/v2\/categories?post=35438"},{"taxonomy":"post_tag","embeddable":true,"href":"https:\/\/linitiative.ca\/International\/wp-json\/wp\/v2\/tags?post=35438"}],"curies":[{"name":"wp","href":"https:\/\/api.w.org\/{rel}","templated":true}]}}