{"id":35439,"date":"2019-05-20T04:20:20","date_gmt":"2019-05-20T08:20:20","guid":{"rendered":"https:\/\/linitiative.ca\/International\/89632-foot-can-2019-ghoulam-et-ounas-retenus-dans-la-liste-elargie\/"},"modified":"2019-05-20T04:20:20","modified_gmt":"2019-05-20T08:20:20","slug":"89632-foot-can-2019-ghoulam-et-ounas-retenus-dans-la-liste-elargie","status":"publish","type":"post","link":"https:\/\/linitiative.ca\/International\/89632-foot-can-2019-ghoulam-et-ounas-retenus-dans-la-liste-elargie\/","title":{"rendered":"Foot\/CAN-2019: Ghoulam et Ounas retenus dans la liste \u00e9largie"},"content":{"rendered":"<div>\n<div class=\"K2FeedImage\"><img decoding=\"async\" src=\"http:\/\/www.aps.dz\/media\/k2\/items\/cache\/612ecdfa8ed9d25be5f7dec64497d3e2_S.jpg\" alt=\"Foot\/CAN-2019: Ghoulam et Ounas retenus dans la liste \u00e9largie\"><\/div>\n<div class=\"K2FeedIntroText\">\n<p><strong>NAPLES (Italie) &#8211; Les deux joueurs de Naples : le d\u00e9fenseur Faouzi Ghoulam et le milieu offensif Adam Ounas, ont \u00e9t\u00e9 retenus dans la liste \u00e9largie de l&rsquo;\u00e9quipe nationale de football, en vue de la Coupe d&rsquo;Afrique des nations CAN-2019 en Egypte (21 juin &#8211; 19 juillet), a annonc\u00e9 le club pensionnaire de S\u00e9rie A italienne dimanche sur son compte Twitter.<\/strong><\/p>\n<\/div>\n<div class=\"K2FeedFullText\">\n<p>Le Napoli a annonc\u00e9 que les deux joueurs ont \u00e9t\u00e9 convoqu\u00e9s par la f\u00e9d\u00e9ration alg\u00e9rienne (FAF), cette derni\u00e8re a commenc\u00e9 depuis quelques jours \u00e0 envoyer les convocations aux clubs des \u00e9l\u00e9ments concern\u00e9s par le rendez-vous continental, selon les r\u00e8glements en vigueur.<\/p>\n<hr>\n<h3>Lire aussi:\u00a0<a href=\"http:\/\/www.aps.dz\/sport\/88318-football-can-2019-preparation-algerie-mali-le-16-juin-a-abu-dhabi\" target=\"_blank\" rel=\"noopener noreferrer\">Football\/CAN-2019 (pr\u00e9paration): Alg\u00e9rie &#8211; Mali le 16 juin \u00e0 Abu Dhabi\u00a0\u00a0<\/a><\/h3>\n<hr>\n<p>Si Ounas est r\u00e9guli\u00e8rement appel\u00e9 depuis l&rsquo;arriv\u00e9e \u00e0 la barre technique du s\u00e9lectionneur national Djamel Belmadi, Ghoulam devrait signer son retour chez les Verts apr\u00e8s une longue absence, en raison d&rsquo;une grave blessure au genou contract\u00e9e en novembre 2017.<\/p>\n<p>A la CAN-2019, l&rsquo;Alg\u00e9rie \u00e9voluera dans le groupe C, bas\u00e9 au Caire, en compagnie du S\u00e9n\u00e9gal, du Kenya, et de la Tanzanie. Les Verts entreront en lice face au Kenya le 23 juin, avant de d\u00e9fier le S\u00e9n\u00e9gal le 27 juin, puis la Tanzanie le 1e juillet.<\/p>\n<\/div>\n<p><img loading=\"lazy\" decoding=\"async\" src=\"http:\/\/feeds.feedburner.com\/~r\/aps-sport\/~4\/VWwWaSy3FHw\" height=\"1\" width=\"1\" alt=\"\"><\/div>\n<p>Auteur:<br \/>\n<a href=\"http:\/\/www.aps.dz\/sport\/89632-foot-can-2019-ghoulam-et-ounas-retenus-dans-la-liste-elargie?utm_source=feedburner&#038;utm_medium=feed&#038;utm_campaign=Feed%3A+aps-sport+%28APS+-+SPORT%29\">Cliquez ici pour lire l&rsquo;article depuis sa source.<\/a><\/p>\n","protected":false},"excerpt":{"rendered":"<p>NAPLES (Italie) &#8211; Les deux joueurs de Naples : le d\u00e9fenseur Faouzi Ghoulam et le milieu offensif Adam Ounas, ont \u00e9t\u00e9 retenus dans la liste \u00e9largie de l&rsquo;\u00e9quipe nationale de football, en vue de la Coupe d&rsquo;Afrique des nations CAN-2019 en Egypte (21 juin &#8211; 19 juillet), a annonc\u00e9 le club pensionnaire de S\u00e9rie A [&hellip;]<\/p>\n","protected":false},"author":1790,"featured_media":35440,"comment_status":"closed","ping_status":"closed","sticky":false,"template":"","format":"standard","meta":{"fifu_image_url":"","fifu_image_alt":"","footnotes":""},"categories":[53,75],"tags":[],"class_list":["post-35439","post","type-post","status-publish","format-standard","has-post-thumbnail","hentry","category-algerie","category-sport"],"_links":{"self":[{"href":"https:\/\/linitiative.ca\/International\/wp-json\/wp\/v2\/posts\/35439","targetHints":{"allow":["GET"]}}],"collection":[{"href":"https:\/\/linitiative.ca\/International\/wp-json\/wp\/v2\/posts"}],"about":[{"href":"https:\/\/linitiative.ca\/International\/wp-json\/wp\/v2\/types\/post"}],"author":[{"embeddable":true,"href":"https:\/\/linitiative.ca\/International\/wp-json\/wp\/v2\/users\/1790"}],"replies":[{"embeddable":true,"href":"https:\/\/linitiative.ca\/International\/wp-json\/wp\/v2\/comments?post=35439"}],"version-history":[{"count":0,"href":"https:\/\/linitiative.ca\/International\/wp-json\/wp\/v2\/posts\/35439\/revisions"}],"wp:featuredmedia":[{"embeddable":true,"href":"https:\/\/linitiative.ca\/International\/wp-json\/"}],"wp:attachment":[{"href":"https:\/\/linitiative.ca\/International\/wp-json\/wp\/v2\/media?parent=35439"}],"wp:term":[{"taxonomy":"category","embeddable":true,"href":"https:\/\/linitiative.ca\/International\/wp-json\/wp\/v2\/categories?post=35439"},{"taxonomy":"post_tag","embeddable":true,"href":"https:\/\/linitiative.ca\/International\/wp-json\/wp\/v2\/tags?post=35439"}],"curies":[{"name":"wp","href":"https:\/\/api.w.org\/{rel}","templated":true}]}}