{"id":35443,"date":"2019-05-20T07:34:53","date_gmt":"2019-05-20T11:34:53","guid":{"rendered":"https:\/\/linitiative.ca\/International\/89641-can-2019-la-mascotte-officielle-de-la-32e-edition-devoilee\/"},"modified":"2019-05-20T07:34:53","modified_gmt":"2019-05-20T11:34:53","slug":"89641-can-2019-la-mascotte-officielle-de-la-32e-edition-devoilee","status":"publish","type":"post","link":"https:\/\/linitiative.ca\/International\/89641-can-2019-la-mascotte-officielle-de-la-32e-edition-devoilee\/","title":{"rendered":"CAN-2019: la mascotte officielle de la 32e \u00e9dition d\u00e9voil\u00e9e"},"content":{"rendered":"<div>\n<div class=\"K2FeedImage\"><img decoding=\"async\" src=\"http:\/\/www.aps.dz\/media\/k2\/items\/cache\/f47c271b1e7a3df1465c54866e83d9b8_S.jpg\" alt=\"CAN-2019: la mascotte officielle de la 32e \u00e9dition d\u00e9voil\u00e9e\"><\/div>\n<div class=\"K2FeedIntroText\">\n<p><strong>LE CAIRE &#8211; Le Comit\u00e9 d&rsquo;organisation de la Coupe d&rsquo;Afrique des Nations de football (CAN), pr\u00e9vue en Egypte du\u00a0 21 juin au 19 juillet 2019, a d\u00e9voil\u00e9 dimanche la mascotte de la 32e \u00e9dition qui se nomme \u00ab\u00a0TUT\u00a0\u00bb, en hommage au c\u00e9l\u00e8bre Roi Egyptien Tutankhamen (Toutankhamon en fran\u00e7ais) commun\u00e9ment appel\u00e9 King TUT.<\/strong><\/p>\n<\/div>\n<div class=\"K2FeedFullText\">\n<p>N\u00e9 vers -1327 av JC Toutankhamon a gouvern\u00e9 l&rsquo;Egypte pendant 10 ans, soit jusqu\u2019\u00e0 sa mort pr\u00e9matur\u00e9e \u00e0 l&rsquo;\u00e2ge de 19ans. Il doit sa c\u00e9l\u00e9brit\u00e9 \u00e0 la d\u00e9couverte de sa s\u00e9pulture par un arch\u00e9ologue britannique nomm\u00e9 Howard Carter le 4 novembre 1922 et au fabuleux tr\u00e9sor qu\u2019elle rec\u00e8le: un fastueux sarcophage de 110 kg avec son masque d\u2019or et 2099 objets intacts.<\/p>\n<hr>\n<h3>Lire aussi:\u00a0<a href=\"http:\/\/www.aps.dz\/sport\/88829-can-2019-les-prix-des-tickets-devoiles\" target=\"_blank\" rel=\"noopener noreferrer\">CAN 2019: les prix des tickets d\u00e9voil\u00e9s<\/a><\/h3>\n<hr>\n<p>Pour la CAN 2019 \u00ab\u00a0TUT\u00a0\u00bb repr\u00e9sente un gar\u00e7on coiff\u00e9 d&rsquo;une couronne en forme de cobra, que portaient les Pharaons pour se prot\u00e9ger des ennemis. Sur son tee-shirt aux couleurs de l&rsquo;Egypte figure la carte de l&rsquo;Afrique avec une \u00e9toile qui indique la position g\u00e9ographique de l&rsquo;Egypte sur le continent.<\/p>\n<p>24 s\u00e9lections (contre 16 les \u00e9ditions pr\u00e9c\u00e9dentes) prennent part, pour la 1re fois, \u00e0 une phase finale de la Coupe d&rsquo;Afrique des Nations, et le match opposera, l&rsquo;Egypte, pays h\u00f4te et 7 titres pour 24 participations), au Zimbabwe, avec seulement 4 participation et aucun titre.<\/p>\n<\/div>\n<p><img loading=\"lazy\" decoding=\"async\" src=\"http:\/\/feeds.feedburner.com\/~r\/aps-sport\/~4\/x3CZg5rsYV0\" height=\"1\" width=\"1\" alt=\"\"><\/div>\n<p>Auteur:<br \/>\n<a href=\"http:\/\/www.aps.dz\/sport\/89641-can-2019-la-mascotte-officielle-de-la-32e-edition-devoilee?utm_source=feedburner&#038;utm_medium=feed&#038;utm_campaign=Feed%3A+aps-sport+%28APS+-+SPORT%29\">Cliquez ici pour lire l&rsquo;article depuis sa source.<\/a><\/p>\n","protected":false},"excerpt":{"rendered":"<p>LE CAIRE &#8211; Le Comit\u00e9 d&rsquo;organisation de la Coupe d&rsquo;Afrique des Nations de football (CAN), pr\u00e9vue en Egypte du\u00a0 21 juin au 19 juillet 2019, a d\u00e9voil\u00e9 dimanche la mascotte de la 32e \u00e9dition qui se nomme \u00ab\u00a0TUT\u00a0\u00bb, en hommage au c\u00e9l\u00e8bre Roi Egyptien Tutankhamen (Toutankhamon en fran\u00e7ais) commun\u00e9ment appel\u00e9 King TUT. N\u00e9 vers -1327 [&hellip;]<\/p>\n","protected":false},"author":1790,"featured_media":35444,"comment_status":"closed","ping_status":"closed","sticky":false,"template":"","format":"standard","meta":{"fifu_image_url":"","fifu_image_alt":"","footnotes":""},"categories":[53,75],"tags":[],"class_list":["post-35443","post","type-post","status-publish","format-standard","has-post-thumbnail","hentry","category-algerie","category-sport"],"_links":{"self":[{"href":"https:\/\/linitiative.ca\/International\/wp-json\/wp\/v2\/posts\/35443","targetHints":{"allow":["GET"]}}],"collection":[{"href":"https:\/\/linitiative.ca\/International\/wp-json\/wp\/v2\/posts"}],"about":[{"href":"https:\/\/linitiative.ca\/International\/wp-json\/wp\/v2\/types\/post"}],"author":[{"embeddable":true,"href":"https:\/\/linitiative.ca\/International\/wp-json\/wp\/v2\/users\/1790"}],"replies":[{"embeddable":true,"href":"https:\/\/linitiative.ca\/International\/wp-json\/wp\/v2\/comments?post=35443"}],"version-history":[{"count":0,"href":"https:\/\/linitiative.ca\/International\/wp-json\/wp\/v2\/posts\/35443\/revisions"}],"wp:featuredmedia":[{"embeddable":true,"href":"https:\/\/linitiative.ca\/International\/wp-json\/"}],"wp:attachment":[{"href":"https:\/\/linitiative.ca\/International\/wp-json\/wp\/v2\/media?parent=35443"}],"wp:term":[{"taxonomy":"category","embeddable":true,"href":"https:\/\/linitiative.ca\/International\/wp-json\/wp\/v2\/categories?post=35443"},{"taxonomy":"post_tag","embeddable":true,"href":"https:\/\/linitiative.ca\/International\/wp-json\/wp\/v2\/tags?post=35443"}],"curies":[{"name":"wp","href":"https:\/\/api.w.org\/{rel}","templated":true}]}}