{"id":35445,"date":"2019-05-20T08:19:16","date_gmt":"2019-05-20T12:19:16","guid":{"rendered":"https:\/\/linitiative.ca\/International\/89645-usm-bel-abbes-accord-trouve-pour-arreter-la-greve-des-joueurs\/"},"modified":"2019-05-20T08:19:16","modified_gmt":"2019-05-20T12:19:16","slug":"89645-usm-bel-abbes-accord-trouve-pour-arreter-la-greve-des-joueurs","status":"publish","type":"post","link":"https:\/\/linitiative.ca\/International\/89645-usm-bel-abbes-accord-trouve-pour-arreter-la-greve-des-joueurs\/","title":{"rendered":"USM Bel Abb\u00e8s : accord trouv\u00e9 pour arr\u00eater la gr\u00e8ve des joueurs"},"content":{"rendered":"<div>\n<div class=\"K2FeedImage\"><img decoding=\"async\" src=\"http:\/\/www.aps.dz\/media\/k2\/items\/cache\/9da90835b6ed7accb482281ce2310130_S.jpg\" alt=\"USM Bel Abb\u00e8s : accord trouv\u00e9 pour arr\u00eater la gr\u00e8ve des joueurs\"><\/div>\n<div class=\"K2FeedIntroText\">\n<p><strong>ORAN \u2013 Le pr\u00e9sident de l\u2019USM Bel-Abb\u00e8s, Abdelghani El Hennani, s\u2019est engag\u00e9 \u00e0 accorder une prime de 200.000 DA pour chacun de ses joueurs dans les prochaines heures afin de mettre un terme \u00e0 la gr\u00e8ve enclench\u00e9e par ses prot\u00e9g\u00e9s depuis le d\u00e9but de cette semaine, a-t-on appris lundi du club de Ligue 1 de football.<\/strong><\/p>\n<\/div>\n<div class=\"K2FeedFullText\">\n<p>Cet engagement, pris lors d\u2019une r\u00e9union ayant regroup\u00e9 le premier responsable de cette formation et ses joueurs dans la nuit de dimanche \u00e0 lundi, devrait permettre de d\u00e9nouer la nouvelle crise qui a secou\u00e9 la maison de l\u2019USMBA avant la r\u00e9ception du MC Alger mardi (22h30), dans un match d\u00e9cisif pour les locaux qui luttent pour leur maintien parmi l\u2019\u00e9lite.<\/p>\n<p>Les poulains de l\u2019entraineur Sid Ahmed Slimani ont boud\u00e9 les deux premi\u00e8res s\u00e9ances de cette semaine en signe de contestation contre leur pr\u00e9sident estimant que ce dernier n\u2019a pas honor\u00e9 ses engagements financiers envers eux.<\/p>\n<p>Le club de l\u2019Ouest du pays, d\u00e9tenteur du troph\u00e9e de la pr\u00e9c\u00e9dente \u00e9dition de la Coupe d\u2019Alg\u00e9rie, s\u2019appr\u00eate \u00e0 terminer une saison cauchemardesque marqu\u00e9e notamment par des probl\u00e8mes \u00e0 tous les niveaux, notamment sur le plan financier.<\/p>\n<hr>\n<p><em><strong>Lire aussi:\u00a0<\/strong><\/em><a href=\"http:\/\/www.aps.dz\/sport\/89570-rc-relizane-les-salaires-impayes-aux-joueurs-estimes-a-plus-de-50-millions-dinars\">RC Relizane : les salaires impay\u00e9s aux joueurs estim\u00e9s \u00e0 plus de 50 millions dinars<\/a><\/p>\n<hr>\n<p>Cette situation s\u2019est r\u00e9percut\u00e9e sur le parcours de l\u2019\u00e9quipe en championnat en particulier puisque l\u2019enchainement des mauvais r\u00e9sultats a fini par la jeter dans le bas du classement pour occuper la place de lanterne rouge pendant plusieurs journ\u00e9es.<\/p>\n<p>N\u00e9anmoins, les camarades de Mohamed Seguer ont su r\u00e9agir \u00e0 temps en r\u00e9ussissant une remont\u00e9e spectaculaire au classement depuis l\u2019arriv\u00e9e de Slimani aux commandes techniques, soit depuis cinq matchs se relan\u00e7ant de plus belle dans la bataille du maintien.<\/p>\n<p>Cependant, l\u2019\u00e9quipe, qui reste sur quatre victoires de rang, n\u2019est toujours pas \u00e0 l\u2019abri d\u2019une mauvaise surprise du fait qu\u2019elle ne devance que d\u2019une seule unit\u00e9 le troisi\u00e8me potentiel rel\u00e9gable, l\u2019Olympique M\u00e9d\u00e9a, d\u2019o\u00f9 la panique qui s\u2019est empar\u00e9e de ses fans apr\u00e8s la gr\u00e8ve enclench\u00e9e par les joueurs. Ces derniers devraient reprendre l\u2019entrainement dans la soir\u00e9e de ce lundi pour pr\u00e9parer la r\u00e9ception du MCA, d\u00e9j\u00e0 en vacances, indique-t-on de m\u00eame source.<\/p>\n<\/div>\n<p><img loading=\"lazy\" decoding=\"async\" src=\"http:\/\/feeds.feedburner.com\/~r\/aps-sport\/~4\/mo1TbGjM9Gg\" height=\"1\" width=\"1\" alt=\"\"><\/div>\n<p>Auteur:<br \/>\n<a href=\"http:\/\/www.aps.dz\/sport\/89645-usm-bel-abbes-accord-trouve-pour-arreter-la-greve-des-joueurs?utm_source=feedburner&#038;utm_medium=feed&#038;utm_campaign=Feed%3A+aps-sport+%28APS+-+SPORT%29\">Cliquez ici pour lire l&rsquo;article depuis sa source.<\/a><\/p>\n","protected":false},"excerpt":{"rendered":"<p>ORAN \u2013 Le pr\u00e9sident de l\u2019USM Bel-Abb\u00e8s, Abdelghani El Hennani, s\u2019est engag\u00e9 \u00e0 accorder une prime de 200.000 DA pour chacun de ses joueurs dans les prochaines heures afin de mettre un terme \u00e0 la gr\u00e8ve enclench\u00e9e par ses prot\u00e9g\u00e9s depuis le d\u00e9but de cette semaine, a-t-on appris lundi du club de Ligue 1 de [&hellip;]<\/p>\n","protected":false},"author":1790,"featured_media":35446,"comment_status":"closed","ping_status":"closed","sticky":false,"template":"","format":"standard","meta":{"fifu_image_url":"","fifu_image_alt":"","footnotes":""},"categories":[53,75],"tags":[],"class_list":["post-35445","post","type-post","status-publish","format-standard","has-post-thumbnail","hentry","category-algerie","category-sport"],"_links":{"self":[{"href":"https:\/\/linitiative.ca\/International\/wp-json\/wp\/v2\/posts\/35445","targetHints":{"allow":["GET"]}}],"collection":[{"href":"https:\/\/linitiative.ca\/International\/wp-json\/wp\/v2\/posts"}],"about":[{"href":"https:\/\/linitiative.ca\/International\/wp-json\/wp\/v2\/types\/post"}],"author":[{"embeddable":true,"href":"https:\/\/linitiative.ca\/International\/wp-json\/wp\/v2\/users\/1790"}],"replies":[{"embeddable":true,"href":"https:\/\/linitiative.ca\/International\/wp-json\/wp\/v2\/comments?post=35445"}],"version-history":[{"count":0,"href":"https:\/\/linitiative.ca\/International\/wp-json\/wp\/v2\/posts\/35445\/revisions"}],"wp:featuredmedia":[{"embeddable":true,"href":"https:\/\/linitiative.ca\/International\/wp-json\/"}],"wp:attachment":[{"href":"https:\/\/linitiative.ca\/International\/wp-json\/wp\/v2\/media?parent=35445"}],"wp:term":[{"taxonomy":"category","embeddable":true,"href":"https:\/\/linitiative.ca\/International\/wp-json\/wp\/v2\/categories?post=35445"},{"taxonomy":"post_tag","embeddable":true,"href":"https:\/\/linitiative.ca\/International\/wp-json\/wp\/v2\/tags?post=35445"}],"curies":[{"name":"wp","href":"https:\/\/api.w.org\/{rel}","templated":true}]}}