{"id":35458,"date":"2019-05-20T14:12:00","date_gmt":"2019-05-20T18:12:00","guid":{"rendered":"https:\/\/linitiative.ca\/International\/sidi-bel-abbes-03-mineurs-arretes-pour-vol\/"},"modified":"2019-05-20T14:12:00","modified_gmt":"2019-05-20T18:12:00","slug":"sidi-bel-abbes-03-mineurs-arretes-pour-vol","status":"publish","type":"post","link":"https:\/\/linitiative.ca\/International\/sidi-bel-abbes-03-mineurs-arretes-pour-vol\/","title":{"rendered":"SIDI BEL ABBES : 03 mineurs arr\u00eat\u00e9s pour vol"},"content":{"rendered":"<p><br id=\"sep_para_1\" class=\"sep_para access\"\/><\/p>\n<div id=\"para_1\" class=\"para_31131371 resize\">\n<div class=\"texte access firstletter\">Les \u00e9l\u00e9ments de la premi\u00e8re S\u00fbret\u00e9 Urbaine,\u00a0 relevant de la S.W de Sidi Bel Abb\u00e8s viennent d&rsquo;arr\u00eater tout r\u00e9cemment 03 mineurs \u00e2g\u00e9s de 16 et 17 ans, pour vol d&rsquo;une \u00e9picerie appartenant \u00e0 un grossiste, apprend-on d&rsquo;un communiqu\u00e9 de la cellule d&rsquo;information et des relations publiques.Les 03 mineurs,selon le communiqu\u00e9 ,ayant p\u00e9n\u00e9tr\u00e9 par effraction dans le magasin d&rsquo;alimentation g\u00e9n\u00e9rale, en r\u00e9ussissant \u00e0 percer un trou sur la toiture de l&rsquo;\u00e9picerie.\u00a0 Faisant usage de tous les moyens (Torches, cagoules) ils se sont\u00a0 empar\u00e9s\u00a0 d&rsquo;une somme de 50 millions de centimes avant de prendre la fuite. Apr\u00e8s une enqu\u00eate approfondie, appuy\u00e9e de diverses investigations et de renseignements probants, les enqu\u00eateurs\u00a0 parviendront \u00e0\u00a0 arr\u00eater les petits cambrioleurs, l&rsquo;un apr\u00e8s l&rsquo;autre.\u00a0 Pr\u00e9sent\u00e9s par devant le procureur pr\u00e8s le tribunal, les 03 mineurs ont \u00e9t\u00e9 \u00e9crou\u00e9s au centre de r\u00e9\u00e9ducation des mineurs de Hassi Daho.\u00a0\u00a0\u00a0\u00a0\u00a0\u00a0\u00a0\u00a0\u00a0\u00a0\u00a0\u00a0\u00a0\u00a0\u00a0\u00a0\u00a0\u00a0\u00a0\u00a0\u00a0\u00a0\u00a0\u00a0\u00a0\u00a0\u00a0\u00a0\u00a0\u00a0\u00a0\u00a0\u00a0\u00a0\u00a0\u00a0\u00a0\u00a0\u00a0\u00a0\u00a0\u00a0\u00a0<\/div>\n<\/div>\n<p>Auteur: M.Noui<br \/>\n<a href=\"https:\/\/www.reflexiondz.net\/SIDI-BEL-ABBES-03-mineurs-arretes-pour-vol_a55929.html\">Cliquez ici pour lire l&rsquo;article depuis sa source.<\/a><\/p>\n","protected":false},"excerpt":{"rendered":"<p>Les \u00e9l\u00e9ments de la premi\u00e8re S\u00fbret\u00e9 Urbaine,\u00a0 relevant de la S.W de Sidi Bel Abb\u00e8s viennent d&rsquo;arr\u00eater tout r\u00e9cemment 03 mineurs \u00e2g\u00e9s de 16 et 17 ans, pour vol d&rsquo;une \u00e9picerie appartenant \u00e0 un grossiste, apprend-on d&rsquo;un communiqu\u00e9 de la cellule d&rsquo;information et des relations publiques.Les 03 mineurs,selon le communiqu\u00e9 ,ayant p\u00e9n\u00e9tr\u00e9 par effraction dans [&hellip;]<\/p>\n","protected":false},"author":1740,"featured_media":0,"comment_status":"closed","ping_status":"closed","sticky":false,"template":"","format":"standard","meta":{"fifu_image_url":"","fifu_image_alt":"","footnotes":""},"categories":[53,76],"tags":[],"class_list":["post-35458","post","type-post","status-publish","format-standard","hentry","category-algerie","category-regions"],"_links":{"self":[{"href":"https:\/\/linitiative.ca\/International\/wp-json\/wp\/v2\/posts\/35458","targetHints":{"allow":["GET"]}}],"collection":[{"href":"https:\/\/linitiative.ca\/International\/wp-json\/wp\/v2\/posts"}],"about":[{"href":"https:\/\/linitiative.ca\/International\/wp-json\/wp\/v2\/types\/post"}],"author":[{"embeddable":true,"href":"https:\/\/linitiative.ca\/International\/wp-json\/wp\/v2\/users\/1740"}],"replies":[{"embeddable":true,"href":"https:\/\/linitiative.ca\/International\/wp-json\/wp\/v2\/comments?post=35458"}],"version-history":[{"count":0,"href":"https:\/\/linitiative.ca\/International\/wp-json\/wp\/v2\/posts\/35458\/revisions"}],"wp:attachment":[{"href":"https:\/\/linitiative.ca\/International\/wp-json\/wp\/v2\/media?parent=35458"}],"wp:term":[{"taxonomy":"category","embeddable":true,"href":"https:\/\/linitiative.ca\/International\/wp-json\/wp\/v2\/categories?post=35458"},{"taxonomy":"post_tag","embeddable":true,"href":"https:\/\/linitiative.ca\/International\/wp-json\/wp\/v2\/tags?post=35458"}],"curies":[{"name":"wp","href":"https:\/\/api.w.org\/{rel}","templated":true}]}}