{"id":35459,"date":"2019-05-20T14:12:00","date_gmt":"2019-05-20T18:12:00","guid":{"rendered":"https:\/\/linitiative.ca\/International\/crise-politique-en-algerie-gaid-salah-insiste-sur-la-tenue-de-la-presidentielle\/"},"modified":"2019-05-20T14:12:00","modified_gmt":"2019-05-20T18:12:00","slug":"crise-politique-en-algerie-gaid-salah-insiste-sur-la-tenue-de-la-presidentielle","status":"publish","type":"post","link":"https:\/\/linitiative.ca\/International\/crise-politique-en-algerie-gaid-salah-insiste-sur-la-tenue-de-la-presidentielle\/","title":{"rendered":"CRISE POLITIQUE EN ALGERIE : Ga\u00efd Salah insiste sur la tenue de la pr\u00e9sidentielle"},"content":{"rendered":"<p><br id=\"sep_para_1\" class=\"sep_para access\"\/><\/p>\n<div id=\"para_1\" class=\"para_31131431 resize\">\n<div class=\"photo shadow left\"><a href=\"javascript:void(0)\" rel=\"https:\/\/www.reflexiondz.net\/photo\/art\/grande\/33911697-31131431.jpg?v=1558378146&#038;ibox\" title=\"CRISE POLITIQUE EN ALGERIE : Ga\u00efd Salah insiste sur la tenue de la pr\u00e9sidentielle\"><img decoding=\"async\" class=\"responsive c9\" src=\"https:\/\/www.reflexiondz.net\/photo\/art\/grande\/33911697-31131431.jpg?v=1558378146\" alt=\"CRISE POLITIQUE EN ALGERIE : Ga\u00efd Salah insiste sur la tenue de la pr\u00e9sidentielle\" title=\"CRISE POLITIQUE EN ALGERIE : Ga\u00efd Salah insiste sur la tenue de la pr\u00e9sidentielle\"\/><img decoding=\"async\" class=\"not-responsive\" src=\"https:\/\/www.reflexiondz.net\/photo\/art\/default\/33911697-31131431.jpg?v=1558378147\" alt=\"CRISE POLITIQUE EN ALGERIE : Ga\u00efd Salah insiste sur la tenue de la pr\u00e9sidentielle\" title=\"CRISE POLITIQUE EN ALGERIE : Ga\u00efd Salah insiste sur la tenue de la pr\u00e9sidentielle\"\/><\/a><\/div>\n<div class=\"texte access firstletter\">La tenue de l&rsquo;\u00e9lection pr\u00e9sidentielle barrera la route \u00e0 ceux qui tentent de prolonger cette crise, car la principale d\u00e9marche consiste en l&rsquo;imp\u00e9rative acc\u00e9l\u00e9ration de l&rsquo;installation d&rsquo;une instance charg\u00e9e de l&rsquo;organisation et la supervision de l&rsquo;\u00e9lection. Nous attendons, dans ce cadre, l&rsquo;acc\u00e9l\u00e9ration de la prise des mesures ad\u00e9quates pour l&rsquo;activation de ce m\u00e9canisme constitutionnel, en tant qu&rsquo;outil juridique le plus appropri\u00e9 pour pr\u00e9server la voix de l&rsquo;\u00e9lecteur et assurer la cr\u00e9dibilit\u00e9 des \u00e9lections\u00a0\u00bb, a fait savoir le g\u00e9n\u00e9ral de corps d&rsquo;Arm\u00e9e, Ahmed Ga\u00efd Salah dans une allocution d&rsquo;orientation prononc\u00e9e lors d&rsquo;une rencontre avec les cadres et les personnels du secteur, durant la 2\u00e8me journ\u00e9e de la visite de travail et d\u2019inspection effectu\u00e9e dans la 4e R\u00e9gion militaire \u00e0 Ouargla. Pour le Vice- ministre de la D\u00e9fense nationale, \u00ab\u00a0la tenue de l&rsquo;\u00e9lection pr\u00e9sidentielle permettra d&rsquo;\u00e9viter le pi\u00e8ge du vide constitutionnel, et ce qu&rsquo;il implique comme risques et d\u00e9rapages aux graves cons\u00e9quences, d&rsquo;o\u00f9 la n\u00e9cessit\u00e9 pour l&rsquo;ensemble des citoyens alg\u00e9riens, jaloux de la r\u00e9putation de leur pays, de ses int\u00e9r\u00eats et de sa place dans le concert des Nations, d&rsquo;adh\u00e9rer \u00e0 cette d\u00e9marche d\u00e9cisive pour l&rsquo;avenir du pays\u00a0\u00bb. En somme, ceux qui veulent maintenir le pays dans l&rsquo;impasse sont des individus et des entit\u00e9s qui tentent sciemment de nous mener vers le vide constitutionnel avec tous les risques et menaces qu&rsquo;il peut comporter. L&rsquo;impasse politique et le vide constitutionnel planifi\u00e9s de mani\u00e8re d\u00e9lib\u00e9r\u00e9e par ces entit\u00e9s est un parcours aux cons\u00e9quences d\u00e9sastreuses sur les plans \u00e9conomique et social du pays, notamment dans le domaine des investissements et la pr\u00e9servation des postes d&#8217;emploi et du pouvoir d&rsquo;achat des citoyens, voire sur tous les autres plans ayant un lien avec le processus de d\u00e9veloppement de mani\u00e8re g\u00e9n\u00e9rale. Quant \u00e0 la proposition de Taleb Ibrahimi, Yahia Abdennour et Benyelles, Ga\u00efd Salah souligne qu\u2019il devient imp\u00e9ratif de revoir la mani\u00e8re d&rsquo;organiser les manifestations et la n\u00e9cessit\u00e9 de les encadrer par des personnes ayant un esprit nationaliste responsable, qui craignent Allah quand il s&rsquo;agit de leur peuple, leur patrie et les institutions de leur Etat, et \u0153uvrent \u00e0 transmettre les revendications populaires dans le cadre d&rsquo;un dialogue s\u00e9rieux et constructif avec les institutions de l&rsquo;Etat, prenant en consid\u00e9ration les revendications r\u00e9alis\u00e9es jusqu&rsquo;\u00e0 pr\u00e9sent, gr\u00e2ce \u00e0 l&rsquo;accompagnement permanent de l&rsquo;Arm\u00e9e nationale populaire, qui s&rsquo;est engag\u00e9e \u00e0 ne pas \u00eatre partie prenante \u00e0 ce dialogue escompt\u00e9\u00bb.<\/div>\n<\/div>\n<p>Auteur: Ismain<br \/>\n<a href=\"https:\/\/www.reflexiondz.net\/CRISE-POLITIQUE-EN-ALGERIE-Gaid-Salah-insiste-sur-la-tenue-de-la-presidentielle_a55935.html\">Cliquez ici pour lire l&rsquo;article depuis sa source.<\/a><\/p>\n","protected":false},"excerpt":{"rendered":"<p>La tenue de l&rsquo;\u00e9lection pr\u00e9sidentielle barrera la route \u00e0 ceux qui tentent de prolonger cette crise, car la principale d\u00e9marche consiste en l&rsquo;imp\u00e9rative acc\u00e9l\u00e9ration de l&rsquo;installation d&rsquo;une instance charg\u00e9e de l&rsquo;organisation et la supervision de l&rsquo;\u00e9lection. Nous attendons, dans ce cadre, l&rsquo;acc\u00e9l\u00e9ration de la prise des mesures ad\u00e9quates pour l&rsquo;activation de ce m\u00e9canisme constitutionnel, en [&hellip;]<\/p>\n","protected":false},"author":1740,"featured_media":0,"comment_status":"closed","ping_status":"closed","sticky":false,"template":"","format":"standard","meta":{"fifu_image_url":"","fifu_image_alt":"","footnotes":""},"categories":[53,76],"tags":[],"class_list":["post-35459","post","type-post","status-publish","format-standard","hentry","category-algerie","category-regions"],"_links":{"self":[{"href":"https:\/\/linitiative.ca\/International\/wp-json\/wp\/v2\/posts\/35459","targetHints":{"allow":["GET"]}}],"collection":[{"href":"https:\/\/linitiative.ca\/International\/wp-json\/wp\/v2\/posts"}],"about":[{"href":"https:\/\/linitiative.ca\/International\/wp-json\/wp\/v2\/types\/post"}],"author":[{"embeddable":true,"href":"https:\/\/linitiative.ca\/International\/wp-json\/wp\/v2\/users\/1740"}],"replies":[{"embeddable":true,"href":"https:\/\/linitiative.ca\/International\/wp-json\/wp\/v2\/comments?post=35459"}],"version-history":[{"count":0,"href":"https:\/\/linitiative.ca\/International\/wp-json\/wp\/v2\/posts\/35459\/revisions"}],"wp:attachment":[{"href":"https:\/\/linitiative.ca\/International\/wp-json\/wp\/v2\/media?parent=35459"}],"wp:term":[{"taxonomy":"category","embeddable":true,"href":"https:\/\/linitiative.ca\/International\/wp-json\/wp\/v2\/categories?post=35459"},{"taxonomy":"post_tag","embeddable":true,"href":"https:\/\/linitiative.ca\/International\/wp-json\/wp\/v2\/tags?post=35459"}],"curies":[{"name":"wp","href":"https:\/\/api.w.org\/{rel}","templated":true}]}}