{"id":35460,"date":"2019-05-20T14:12:00","date_gmt":"2019-05-20T18:12:00","guid":{"rendered":"https:\/\/linitiative.ca\/International\/tribunal-de-bir-mourad-rais-le-proces-dali-haddad-reporte\/"},"modified":"2019-05-20T14:12:00","modified_gmt":"2019-05-20T18:12:00","slug":"tribunal-de-bir-mourad-rais-le-proces-dali-haddad-reporte","status":"publish","type":"post","link":"https:\/\/linitiative.ca\/International\/tribunal-de-bir-mourad-rais-le-proces-dali-haddad-reporte\/","title":{"rendered":"TRIBUNAL DE BIR MOURAD RA\u00cfS : Le proc\u00e8s d\u2019Ali  Haddad report\u00e9"},"content":{"rendered":"<p><br id=\"sep_para_1\" class=\"sep_para access\"\/><\/p>\n<div id=\"para_1\" class=\"para_31131446 resize\">\n<div class=\"texte access firstletter\">Le proc\u00e8s d\u2019Ali Haddad dans l\u2019affaire de faux et usages de faux a \u00e9t\u00e9 report\u00e9 au 3 juin prochain, a-t-on appris de sources concordantes. Le tribunal de Bir Mourad Ra\u00efs, o\u00f9 devait se d\u00e9rouler hier, lundi 20 mai, le proc\u00e8s d\u2019Ali Haddad dans l\u2019affaire de d\u00e9tention de plusieurs passeports et permis de conduire, r\u00e9v\u00e9l\u00e9e lors de sa tentative de fuir le pays via le passage frontalier d\u2019Oum Teboul, a d\u00e9cid\u00e9 de reporter l\u2019audience jusqu\u2019au 3 juin prochain. Selon nos informations, le proc\u00e8s a \u00e9t\u00e9 report\u00e9 en raison de l\u2019absence de quatre t\u00e9moins et de certains documents r\u00e9clam\u00e9s. Pour rappel, le patron de l\u2019ETRHB, r\u00e9put\u00e9 proche du cercle pr\u00e9sidentiel, a \u00e9t\u00e9 arr\u00eat\u00e9 le 31 mars alors qu\u2019il tentait de traverser la fronti\u00e8re vers la Tunisie. Il avait sur lui deux passeports et deux permis de conduire ainsi que quelques milliers d\u2019euros.\u00a0\u00a0\u00a0\u00a0\u00a0\u00a0\u00a0\u00a0\u00a0\u00a0<\/div>\n<\/div>\n<p>Auteur: Ismain<br \/>\n<a href=\"https:\/\/www.reflexiondz.net\/TRIBUNAL-DE-BIR-MOURAD-RAIS-Le-proces-d-Ali-Haddad-reporte_a55938.html\">Cliquez ici pour lire l&rsquo;article depuis sa source.<\/a><\/p>\n","protected":false},"excerpt":{"rendered":"<p>Le proc\u00e8s d\u2019Ali Haddad dans l\u2019affaire de faux et usages de faux a \u00e9t\u00e9 report\u00e9 au 3 juin prochain, a-t-on appris de sources concordantes. Le tribunal de Bir Mourad Ra\u00efs, o\u00f9 devait se d\u00e9rouler hier, lundi 20 mai, le proc\u00e8s d\u2019Ali Haddad dans l\u2019affaire de d\u00e9tention de plusieurs passeports et permis de conduire, r\u00e9v\u00e9l\u00e9e lors [&hellip;]<\/p>\n","protected":false},"author":1740,"featured_media":0,"comment_status":"closed","ping_status":"closed","sticky":false,"template":"","format":"standard","meta":{"fifu_image_url":"","fifu_image_alt":"","footnotes":""},"categories":[53,76],"tags":[],"class_list":["post-35460","post","type-post","status-publish","format-standard","hentry","category-algerie","category-regions"],"_links":{"self":[{"href":"https:\/\/linitiative.ca\/International\/wp-json\/wp\/v2\/posts\/35460","targetHints":{"allow":["GET"]}}],"collection":[{"href":"https:\/\/linitiative.ca\/International\/wp-json\/wp\/v2\/posts"}],"about":[{"href":"https:\/\/linitiative.ca\/International\/wp-json\/wp\/v2\/types\/post"}],"author":[{"embeddable":true,"href":"https:\/\/linitiative.ca\/International\/wp-json\/wp\/v2\/users\/1740"}],"replies":[{"embeddable":true,"href":"https:\/\/linitiative.ca\/International\/wp-json\/wp\/v2\/comments?post=35460"}],"version-history":[{"count":0,"href":"https:\/\/linitiative.ca\/International\/wp-json\/wp\/v2\/posts\/35460\/revisions"}],"wp:attachment":[{"href":"https:\/\/linitiative.ca\/International\/wp-json\/wp\/v2\/media?parent=35460"}],"wp:term":[{"taxonomy":"category","embeddable":true,"href":"https:\/\/linitiative.ca\/International\/wp-json\/wp\/v2\/categories?post=35460"},{"taxonomy":"post_tag","embeddable":true,"href":"https:\/\/linitiative.ca\/International\/wp-json\/wp\/v2\/tags?post=35460"}],"curies":[{"name":"wp","href":"https:\/\/api.w.org\/{rel}","templated":true}]}}