{"id":35462,"date":"2019-05-20T14:25:00","date_gmt":"2019-05-20T18:25:00","guid":{"rendered":"https:\/\/linitiative.ca\/International\/la-soeur-de-kouninef-refuse-de-repondre-a-une-convocation-de-la-justice\/"},"modified":"2019-05-20T14:25:00","modified_gmt":"2019-05-20T18:25:00","slug":"la-soeur-de-kouninef-refuse-de-repondre-a-une-convocation-de-la-justice","status":"publish","type":"post","link":"https:\/\/linitiative.ca\/International\/la-soeur-de-kouninef-refuse-de-repondre-a-une-convocation-de-la-justice\/","title":{"rendered":"La s\u0153ur de Kouninef refuse de r\u00e9pondre \u00e0 une convocation de la justice"},"content":{"rendered":"<p><br id=\"sep_para_1\" class=\"sep_para access\"\/><\/p>\n<div id=\"para_1\" class=\"para_31131465 resize\">\n<div class=\"texte access firstletter\">\u00a0La tr\u00e8s discr\u00e8te s\u0153ur des Kouninef, Souad, aurait \u00e9t\u00e9 convoqu\u00e9e par la justice alg\u00e9rienne. R\u00e9sidant dans le Canton de Vaud, Souad Kouninef aurait refus\u00e9 de r\u00e9pondre \u00e0 une convocation de la justice alg\u00e9rienne. A en croire la Tribune de Gen\u00e8ve, la s\u0153ur des Kouninef a, elle aussi, re\u00e7u une convocation de la justice alg\u00e9rienne, mais elle n\u2019y a pas r\u00e9pondu. Souad Kouninef est la troisi\u00e8me actionnaire dans le Groupe KouGC Spa, avec 5% des parts. Par ailleurs, Melle Kouninef est particuli\u00e8rement attir\u00e9e par le domaine du cin\u00e9ma et de l\u2019audiovisuel. Elle fait partie d\u2019un laboratoire participatif de cr\u00e9ation cin\u00e9matographique \u00ab KinoGeneva \u00bb, avant d\u2019effacer r\u00e9cemment toute trace d\u2019elle et de changer de nom pour utiliser le pseudonyme \u00ab Su Nef \u00bb.<\/div>\n<\/div>\n<p>Auteur: R\u00e9flexion<br \/>\n<a href=\"https:\/\/www.reflexiondz.net\/La-soeur-de-Kouninef-refuse-de-repondre-a-une-convocation-de-la-justice_a55941.html\">Cliquez ici pour lire l&rsquo;article depuis sa source.<\/a><\/p>\n","protected":false},"excerpt":{"rendered":"<p>\u00a0La tr\u00e8s discr\u00e8te s\u0153ur des Kouninef, Souad, aurait \u00e9t\u00e9 convoqu\u00e9e par la justice alg\u00e9rienne. R\u00e9sidant dans le Canton de Vaud, Souad Kouninef aurait refus\u00e9 de r\u00e9pondre \u00e0 une convocation de la justice alg\u00e9rienne. A en croire la Tribune de Gen\u00e8ve, la s\u0153ur des Kouninef a, elle aussi, re\u00e7u une convocation de la justice alg\u00e9rienne, mais [&hellip;]<\/p>\n","protected":false},"author":1740,"featured_media":0,"comment_status":"closed","ping_status":"closed","sticky":false,"template":"","format":"standard","meta":{"fifu_image_url":"","fifu_image_alt":"","footnotes":""},"categories":[53,76],"tags":[],"class_list":["post-35462","post","type-post","status-publish","format-standard","hentry","category-algerie","category-regions"],"_links":{"self":[{"href":"https:\/\/linitiative.ca\/International\/wp-json\/wp\/v2\/posts\/35462","targetHints":{"allow":["GET"]}}],"collection":[{"href":"https:\/\/linitiative.ca\/International\/wp-json\/wp\/v2\/posts"}],"about":[{"href":"https:\/\/linitiative.ca\/International\/wp-json\/wp\/v2\/types\/post"}],"author":[{"embeddable":true,"href":"https:\/\/linitiative.ca\/International\/wp-json\/wp\/v2\/users\/1740"}],"replies":[{"embeddable":true,"href":"https:\/\/linitiative.ca\/International\/wp-json\/wp\/v2\/comments?post=35462"}],"version-history":[{"count":0,"href":"https:\/\/linitiative.ca\/International\/wp-json\/wp\/v2\/posts\/35462\/revisions"}],"wp:attachment":[{"href":"https:\/\/linitiative.ca\/International\/wp-json\/wp\/v2\/media?parent=35462"}],"wp:term":[{"taxonomy":"category","embeddable":true,"href":"https:\/\/linitiative.ca\/International\/wp-json\/wp\/v2\/categories?post=35462"},{"taxonomy":"post_tag","embeddable":true,"href":"https:\/\/linitiative.ca\/International\/wp-json\/wp\/v2\/tags?post=35462"}],"curies":[{"name":"wp","href":"https:\/\/api.w.org\/{rel}","templated":true}]}}