{"id":35469,"date":"2019-05-20T05:00:41","date_gmt":"2019-05-20T09:00:41","guid":{"rendered":"https:\/\/linitiative.ca\/International\/bechar-les-vols-se-multiplient-a-luniversite\/"},"modified":"2019-05-20T05:00:41","modified_gmt":"2019-05-20T09:00:41","slug":"bechar-les-vols-se-multiplient-a-luniversite","status":"publish","type":"post","link":"https:\/\/linitiative.ca\/International\/bechar-les-vols-se-multiplient-a-luniversite\/","title":{"rendered":"B\u00e9char :\u00a0Les vols se multiplient \u00e0 l\u2019universit\u00e9"},"content":{"rendered":"<h4 class=\"title-14\"\/>\n<div class=\"featured_image\"><img width=\"800\" height=\"601\" data-cfsrc=\"https:\/\/www.elwatan.com\/wp-content\/uploads\/2019\/05\/UNIVERSITE-BECHAR.jpg\" class=\"attachment-post-thumbnail size-post-thumbnail wp-post-image c1\" alt=\"\" srcset=\"https:\/\/www.elwatan.com\/wp-content\/uploads\/2019\/05\/UNIVERSITE-BECHAR.jpg 800w, https:\/\/www.elwatan.com\/wp-content\/uploads\/2019\/05\/UNIVERSITE-BECHAR-300x225.jpg 300w, https:\/\/www.elwatan.com\/wp-content\/uploads\/2019\/05\/UNIVERSITE-BECHAR-768x577.jpg 768w\" sizes=\"(max-width: 800px) 100vw, 800px\"\/><noscript><\/p>\n<p><img loading=\"lazy\" decoding=\"async\" width=\"800\" height=\"601\" src=\"https:\/\/www.elwatan.com\/wp-content\/uploads\/2019\/05\/UNIVERSITE-BECHAR.jpg\" class=\"attachment-post-thumbnail size-post-thumbnail wp-post-image\" alt=\"\" srcset=\"https:\/\/www.elwatan.com\/wp-content\/uploads\/2019\/05\/UNIVERSITE-BECHAR.jpg 800w, https:\/\/www.elwatan.com\/wp-content\/uploads\/2019\/05\/UNIVERSITE-BECHAR-300x225.jpg 300w, https:\/\/www.elwatan.com\/wp-content\/uploads\/2019\/05\/UNIVERSITE-BECHAR-768x577.jpg 768w\" sizes=\"auto, (max-width: 800px) 100vw, 800px\"\/><\/p>\n<p><\/noscript><\/div>\n<p class=\"p4\"><span class=\"s3\"><strong>D<\/strong><\/span><span class=\"s4\">epuis plusieurs mois, l\u2019on assiste \u00e0 des vols r\u00e9p\u00e9titifs non \u00e9lucid\u00e9s et sans pr\u00e9c\u00e9dent qui ont \u00e9branl\u00e9 l\u2019universit\u00e9 et mis en cause une trentaine de personnes entre \u00e9tudiants, responsables de laboratoires et travailleurs et qui ont \u00e9t\u00e9 d\u00e9f\u00e9r\u00e9s, avant-hier, devant le juge d\u2019instruction pr\u00e8s le tribunal de B\u00e9char.<\/span><\/p>\n<p class=\"p4\"><span class=\"s4\">Que se passe-t-il \u00e0 l\u2019universit\u00e9 Tahri Mohamed de B\u00e9char ? Le scandale avait commenc\u00e9 avec le vol de 7000 rames de papier (21\/27) <span class=\"Apple-converted-space\">\u00a0<\/span> survenu en p\u00e9riode de cong\u00e9 en juillet 2018. Notre source indique que le rectorat n\u2019a pas voulu porter plainte au d\u00e9but lorsque l\u2019affaire a \u00e9clat\u00e9, mais a pr\u00e9f\u00e9r\u00e9 mener une enqu\u00eate interne tout en gardant un black-out total sur le d\u00e9tournement. Mais l\u2019affaire s\u2019est largement \u00e9bruit\u00e9e et le rectorat s\u2019est vu dans l\u2019obligation de saisir la justice. Ce premier vol a \u00e9t\u00e9 suivi, quelques semaines plus tard, d\u2019un autre, qui a consist\u00e9 en la subtilisation d\u2019une imprimante laser d\u2019une valeur de 17 000 DA au niveau du laboratoire du g\u00e9nie m\u00e9canique.<\/span><\/p>\n<p class=\"p4\"><span class=\"s4\">Le responsable, les enseignants et les \u00e9tudiants qui travaillent au laboratoire ont \u00e9t\u00e9 mis en cause. Durant le m\u00eame semestre, d\u2019autres vols ont \u00e9t\u00e9 commis dans une salle d\u2019informatique, o\u00f9 l\u2019on a enregistr\u00e9 la disparition de nombreux CD, selon notre source, qui a insist\u00e9 sur une tentative d\u2019\u00e9touffement de l\u2019affaire.<\/span><\/p>\n<p class=\"p4\"><span class=\"s4\">La m\u00eame source nous apprend la disparition de mat\u00e9riel (dont la nature n\u2019a pas \u00e9t\u00e9 indiqu\u00e9e) dans quatre laboratoires au niveau du hall technologique. La s\u00e9rie de vols de biens de la communaut\u00e9 universitaire ne semble pas s\u2019arr\u00eater, et le plus retentissant, de par son ampleur, sa dangerosit\u00e9 et sa valeur v\u00e9nale, est celui ayant affect\u00e9 le laboratoire de chimie, o\u00f9 les produits d\u00e9rob\u00e9s exigent pr\u00e9alablement avant leur utilisation des autorisations de la part des autorit\u00e9s.<\/span><\/p>\n<p class=\"p4\"><span class=\"s4\">Le montant de ces produits chimiques d\u00e9rob\u00e9s est \u00e9valu\u00e9 \u00e0 500 millions de cts. Notre source souligne cependant que quatre employ\u00e9s qui ont r\u00e9agi et organis\u00e9 un mouvement de protestation brandissant des banderoles dans l\u2019enceinte de l\u2019universit\u00e9 d\u00e9non\u00e7ant <em>\u00abla mauvaise gestion\u00bb<\/em> et le <em>\u00ablaisser-aller\u00bb<\/em> ont \u00e9t\u00e9 suspendus de leurs fonctions depuis le 18 avril dernier pour \u00eatre traduits devant la commission paritaire qui se prononcera sur leur cas incessamment. <span class=\"Apple-converted-space\">\u00a0 \u00a0\u00a0<\/span><\/span><\/p>\n<div class=\"yuzo_related_post style-1\" data-version=\"5.12.88\">\n<p><h3>Related Post<\/h3>\n<\/p>\n<div class=\"yuzo_wraps\">\n<div class=\"relatedthumb relatedpost-561412 c11\"><a href=\"https:\/\/www.elwatan.com\/edition\/actualite\/partez-partez-tous-partez-maintenant-02-03-2019\"\/><\/p>\n<p><span class=\"yuzo__text--title c10\">\u00abPartez, partez tous, partez maintenant\u00a0!\u00bb<\/span><\/div>\n<div class=\"relatedthumb relatedpost-146684 c11\"><a href=\"https:\/\/www.elwatan.com\/regions\/kabylie\/tizi-ouzou\/bouzeguene-les-fosses-septiques-perdurent-2-01-09-2018\"\/><\/p>\n<p><span class=\"yuzo__text--title c10\">Bouzegu\u00e8ne : Les fosses septiques perdurent<\/span><\/div>\n<div class=\"relatedthumb relatedpost-230334 c11\"><a href=\"https:\/\/www.elwatan.com\/pages-hebdo\/sup-eco\/23-milliards-de-litres-par-jour-28-05-2007\"\/><\/p>\n<p><span class=\"yuzo__text--title c10\">2,3 milliards de litres par jour<\/span><\/div>\n<div class=\"relatedthumb relatedpost-330447 c11\"><a href=\"https:\/\/www.elwatan.com\/edition\/contributions\/le-centre-psycho-pedagogique-pour-enfants-inadaptes-mentaux-realites-et-potentialites-16-12-2018\"\/><\/p>\n<p><span class=\"yuzo__text--title c10\">Le Centre Psycho-P\u00e9dagogique pour enfants inadapt\u00e9&#8230;<\/span><\/div>\n<\/div>\n<\/div>\n<p><span class=\"post-views-label\">Post Views:<\/span> <span class=\"post-views-count\">224<\/span><\/p>\n<p>Auteur: Anis Khecheba<br \/>\n<a href=\"https:\/\/www.elwatan.com\/regions\/ouest\/actu-ouest\/bechar-les-vols-se-multiplient-a-luniversite-20-05-2019\">Cliquez ici pour lire l&rsquo;article depuis sa source.<\/a><\/p>\n","protected":false},"excerpt":{"rendered":"<p>Depuis plusieurs mois, l\u2019on assiste \u00e0 des vols r\u00e9p\u00e9titifs non \u00e9lucid\u00e9s et sans pr\u00e9c\u00e9dent qui ont \u00e9branl\u00e9 l\u2019universit\u00e9 et mis en cause une trentaine de personnes entre \u00e9tudiants, responsables de laboratoires et travailleurs et qui ont \u00e9t\u00e9 d\u00e9f\u00e9r\u00e9s, avant-hier, devant le juge d\u2019instruction pr\u00e8s le tribunal de B\u00e9char. Que se passe-t-il \u00e0 l\u2019universit\u00e9 Tahri Mohamed [&hellip;]<\/p>\n","protected":false},"author":1743,"featured_media":35470,"comment_status":"closed","ping_status":"closed","sticky":false,"template":"","format":"standard","meta":{"fifu_image_url":"","fifu_image_alt":"","footnotes":""},"categories":[73,53],"tags":[],"class_list":["post-35469","post","type-post","status-publish","format-standard","has-post-thumbnail","hentry","category-actualite","category-algerie"],"_links":{"self":[{"href":"https:\/\/linitiative.ca\/International\/wp-json\/wp\/v2\/posts\/35469","targetHints":{"allow":["GET"]}}],"collection":[{"href":"https:\/\/linitiative.ca\/International\/wp-json\/wp\/v2\/posts"}],"about":[{"href":"https:\/\/linitiative.ca\/International\/wp-json\/wp\/v2\/types\/post"}],"author":[{"embeddable":true,"href":"https:\/\/linitiative.ca\/International\/wp-json\/wp\/v2\/users\/1743"}],"replies":[{"embeddable":true,"href":"https:\/\/linitiative.ca\/International\/wp-json\/wp\/v2\/comments?post=35469"}],"version-history":[{"count":0,"href":"https:\/\/linitiative.ca\/International\/wp-json\/wp\/v2\/posts\/35469\/revisions"}],"wp:featuredmedia":[{"embeddable":true,"href":"https:\/\/linitiative.ca\/International\/wp-json\/"}],"wp:attachment":[{"href":"https:\/\/linitiative.ca\/International\/wp-json\/wp\/v2\/media?parent=35469"}],"wp:term":[{"taxonomy":"category","embeddable":true,"href":"https:\/\/linitiative.ca\/International\/wp-json\/wp\/v2\/categories?post=35469"},{"taxonomy":"post_tag","embeddable":true,"href":"https:\/\/linitiative.ca\/International\/wp-json\/wp\/v2\/tags?post=35469"}],"curies":[{"name":"wp","href":"https:\/\/api.w.org\/{rel}","templated":true}]}}