{"id":35471,"date":"2019-05-20T05:00:47","date_gmt":"2019-05-20T09:00:47","guid":{"rendered":"https:\/\/linitiative.ca\/International\/les-cheikhs-du-malouf-a-souk-ahras-denoncent-leur-marginalisation\/"},"modified":"2019-05-20T05:00:47","modified_gmt":"2019-05-20T09:00:47","slug":"les-cheikhs-du-malouf-a-souk-ahras-denoncent-leur-marginalisation","status":"publish","type":"post","link":"https:\/\/linitiative.ca\/International\/les-cheikhs-du-malouf-a-souk-ahras-denoncent-leur-marginalisation\/","title":{"rendered":"Les cheikhs du malouf \u00e0 Souk Ahras d\u00e9noncent leur marginalisation"},"content":{"rendered":"<h4 class=\"title-14\">Priv\u00e9s de participation par l\u2019ONCI<\/h4>\n<p class=\"p4\"><span class=\"s3\"><strong>L<\/strong><\/span><span class=\"s4\">es cheikhs du malouf de Souk Ahras ont r\u00e9cemment exprim\u00e9 leur m\u00e9contentement quant \u00e0 leur marginalisation par rapport au programme des veill\u00e9es ramadanesques concoct\u00e9 par l\u2019Office national de la culture et de l\u2019information (ONCI), au Z\u00e9nith de Constantine, qui abrite depuis plus d\u2019une semaine toutes les troupes malouf de l\u2019Est alg\u00e9rien, hormis celles de Souk Ahras.<\/span><\/p>\n<p class=\"p4\"><span class=\"s4\">Tout le d\u00e9pit a \u00e9t\u00e9 exprim\u00e9 par Larbi Rekeb, pr\u00e9sident de l\u2019association El Kourtoubia, qui y voit une mesure s\u00e9gr\u00e9gative et une vision r\u00e9ductrice pour une wilaya o\u00f9 le nombre des associations et des f\u00e9rus de ce genre musical est loin d\u2019\u00eatre n\u00e9gligeable. \u00ab<em>Souk Ahras est l\u2019une des rares wilayas o\u00f9 le malouf est adopt\u00e9 comme partie prenante du mode de vie de la population et c\u2019est l\u00e0 o\u00f9 l\u2019on n\u2019est pas oblig\u00e9 d\u2019expliquer les d\u00e9tails d\u2019un rasd ou d\u2019un mahjouz devant un public qui en conna\u00eet parfois plus que les musiciens.<\/em><\/span><\/p>\n<p class=\"p4\"><span class=\"s4\"><em>Priver les troupes locales de tels festivals-et ce n\u2019est pas la premi\u00e8re fois- conforte les supputations et les comm\u00e9rages quant aux raisons de cette exclusion qui ne profite ni au d\u00e9veloppement de cette musique ni aux rapports de l\u2019ONCI avec ses partenaires imm\u00e9diats qui sont les artistes. Aussi faudrait-il pr\u00e9ciser dans cette situation qu\u2019il s\u2019agit d\u2019un probl\u00e8me d\u2019\u00e9quit\u00e9 et de respect pour toute une wilaya dont le rang n\u2019est pas \u00e0 prouver<\/em>\u00bb, a-t-il d\u00e9clar\u00e9, d\u00e9sappoint\u00e9, \u00e0 <em>El Watan<\/em>.<\/span><\/p>\n<p class=\"p4\"><span class=\"s4\">Et d\u2019ajouter que Souk Ahras, qui compte une pl\u00e9thore de troupes et de chanteurs de renomm\u00e9e tous affili\u00e9s \u00e0 l\u2019ONDA (Office national des droits d\u2019auteur et droits voisins) n\u2019est pas moins importante que les wilayas d\u2019El Tarf, Skikda et Guelma, entre autres.<span class=\"Apple-converted-space\">\u00a0 \u00a0\u00a0<\/span><\/span><\/p>\n<div class=\"yuzo_related_post style-1\" data-version=\"5.12.88\">\n<p><h3>Related Post<\/h3>\n<\/p>\n<div class=\"yuzo_wraps\">\n<div class=\"relatedthumb relatedpost-531484 c11\"><a href=\"https:\/\/www.elwatan.com\/regions\/est\/skikda\/cnas-de-skikda-plus-de-5-milliards-de-dinars-de-remboursements-des-produits-pharmaceutiques-12-01-2019\"\/><\/p>\n<p><span class=\"yuzo__text--title c10\">CNAS de Skikda : Plus de 5 milliards de dinars de &#8230;<\/span><\/div>\n<div class=\"relatedthumb relatedpost-573344 c11\"><a href=\"https:\/\/www.elwatan.com\/edition\/actualite\/karim-tabbou-a-bouira-cest-une-des-diversions-du-pouvoir-25-04-2019\"\/><\/p>\n<p><span class=\"yuzo__text--title c10\">Karim Tabbou \u00e0 Bouira : \u00abC\u2019est une des diversions &#8230;<\/span><\/div>\n<div class=\"relatedthumb relatedpost-294396 c11\"><a href=\"https:\/\/www.elwatan.com\/edition\/culture\/precis-de-noctalgerologie-09-07-2009\"\/><\/p>\n<p><span class=\"yuzo__text--title c10\">Pr\u00e9cis de noctalg\u00e9rologie<\/span><\/div>\n<div class=\"relatedthumb relatedpost-153969 c11\"><a href=\"https:\/\/www.elwatan.com\/edition\/sports\/jsk-1-om-1-les-canaris-accroches-06-10-2018\"\/><\/p>\n<p><span class=\"yuzo__text--title c10\">JSK 1 \u2013 OM 1 : Les Canaris accroch\u00e9s<\/span><\/div>\n<\/div>\n<\/div>\n<p><span class=\"post-views-label\">Post Views:<\/span> <span class=\"post-views-count\">94<\/span><\/p>\n<p>Auteur: Anis Khecheba<br \/>\n<a href=\"https:\/\/www.elwatan.com\/regions\/est\/actu-est\/les-cheikhs-du-malouf-a-souk-ahras-denoncent-leur-marginalisation-20-05-2019\">Cliquez ici pour lire l&rsquo;article depuis sa source.<\/a><\/p>\n","protected":false},"excerpt":{"rendered":"<p>Priv\u00e9s de participation par l\u2019ONCI Les cheikhs du malouf de Souk Ahras ont r\u00e9cemment exprim\u00e9 leur m\u00e9contentement quant \u00e0 leur marginalisation par rapport au programme des veill\u00e9es ramadanesques concoct\u00e9 par l\u2019Office national de la culture et de l\u2019information (ONCI), au Z\u00e9nith de Constantine, qui abrite depuis plus d\u2019une semaine toutes les troupes malouf de l\u2019Est [&hellip;]<\/p>\n","protected":false},"author":1743,"featured_media":0,"comment_status":"closed","ping_status":"closed","sticky":false,"template":"","format":"standard","meta":{"fifu_image_url":"","fifu_image_alt":"","footnotes":""},"categories":[73,53],"tags":[],"class_list":["post-35471","post","type-post","status-publish","format-standard","hentry","category-actualite","category-algerie"],"_links":{"self":[{"href":"https:\/\/linitiative.ca\/International\/wp-json\/wp\/v2\/posts\/35471","targetHints":{"allow":["GET"]}}],"collection":[{"href":"https:\/\/linitiative.ca\/International\/wp-json\/wp\/v2\/posts"}],"about":[{"href":"https:\/\/linitiative.ca\/International\/wp-json\/wp\/v2\/types\/post"}],"author":[{"embeddable":true,"href":"https:\/\/linitiative.ca\/International\/wp-json\/wp\/v2\/users\/1743"}],"replies":[{"embeddable":true,"href":"https:\/\/linitiative.ca\/International\/wp-json\/wp\/v2\/comments?post=35471"}],"version-history":[{"count":0,"href":"https:\/\/linitiative.ca\/International\/wp-json\/wp\/v2\/posts\/35471\/revisions"}],"wp:attachment":[{"href":"https:\/\/linitiative.ca\/International\/wp-json\/wp\/v2\/media?parent=35471"}],"wp:term":[{"taxonomy":"category","embeddable":true,"href":"https:\/\/linitiative.ca\/International\/wp-json\/wp\/v2\/categories?post=35471"},{"taxonomy":"post_tag","embeddable":true,"href":"https:\/\/linitiative.ca\/International\/wp-json\/wp\/v2\/tags?post=35471"}],"curies":[{"name":"wp","href":"https:\/\/api.w.org\/{rel}","templated":true}]}}