{"id":35473,"date":"2019-05-20T05:00:49","date_gmt":"2019-05-20T09:00:49","guid":{"rendered":"https:\/\/linitiative.ca\/International\/communes-cotieres-des-eaux-usees-deversees-dans-la-mer\/"},"modified":"2019-05-20T05:00:49","modified_gmt":"2019-05-20T09:00:49","slug":"communes-cotieres-des-eaux-usees-deversees-dans-la-mer","status":"publish","type":"post","link":"https:\/\/linitiative.ca\/International\/communes-cotieres-des-eaux-usees-deversees-dans-la-mer\/","title":{"rendered":"Communes c\u00f4ti\u00e8res :\u00a0Des eaux us\u00e9es d\u00e9vers\u00e9es dans\u00a0la mer"},"content":{"rendered":"<h4 class=\"title-14\"\/>\n<p class=\"p3\"><span class=\"s2\"><strong>L<\/strong><\/span><span class=\"s3\">\u2019assainissement constitue un s\u00e9rieux probl\u00e8me dans les zones c\u00f4ti\u00e8res de la wilaya de Boumerd\u00e8s. Outre les d\u00e9chets, d\u2019importantes quantit\u00e9s d\u2019eaux us\u00e9es sont jet\u00e9es dans la mer. Le ph\u00e9nom\u00e8ne est constat\u00e9 aussi bien \u00e0 Cap Djenet et Dellys qu\u2019\u00e0 Boumerd\u00e8s, Corso ou Boudouaou El Bahri.<\/span><\/p>\n<p class=\"p3\"><span class=\"s3\">Il y a deux ans, la direction de l\u2019hydraulique a fait \u00e9tat de plus de 30% de la bande littorale de la wilaya, soit 35 km, qui n\u2019est pas prot\u00e9g\u00e9e contre les risques de pollution. Le probl\u00e8me se pose surtout pr\u00e8s des sites des chalets, comme \u00e0<span class=\"Apple-converted-space\">\u00a0<\/span> Seghirate et Corso, ou encore \u00e0 Cap Djenet, o\u00f9 le pillage du sable et les constructions illicites n\u2019ont jamais cess\u00e9 sur la c\u00f4te.<\/span><\/p>\n<p class=\"p3\"><span class=\"s3\">En l\u2019absence de station de relevage et de traitement, des milliers de foyers d\u00e9versent leurs eaux us\u00e9es dans les fosses septiques qui, souvent, finissent dans la mer. La pollution des eaux de la plage de Corso, survenue l\u2019ann\u00e9e pass\u00e9e en pleine saison estivale, n\u2019a pas donn\u00e9 \u00e0 r\u00e9fl\u00e9chir aux autorit\u00e9s. La preuve, de nombreux projets d\u2019extension des r\u00e9seaux d\u2019assainissement ou de r\u00e9alisation de stations d\u2019\u00e9puration tardent \u00e0 \u00eatre lanc\u00e9s.<\/span><\/p>\n<p class=\"p3\"><span class=\"s3\">C\u2019est l\u2019exemple de ceux pr\u00e9vus \u00e0 Dellys, Cap Djenet, Zemmouri et Boumerd\u00e8s, dont les travaux peinent \u00e0 d\u00e9marrer, malgr\u00e9 la disponibilit\u00e9 des ressources financi\u00e8res.\u00a0<\/span><\/p>\n<div class=\"yuzo_related_post style-1\" data-version=\"5.12.88\">\n<p><h3>Related Post<\/h3>\n<\/p>\n<div class=\"yuzo_wraps\">\n<div class=\"relatedthumb relatedpost-558139 c11\"><a href=\"https:\/\/www.elwatan.com\/regions\/est\/actu-est\/tebessa-les-zones-frontalieres-ciblees-14-02-2019\"\/><\/p>\n<p><span class=\"yuzo__text--title c10\">T\u00e9bessa :\u00a0Les zones frontali\u00e8res cibl\u00e9es<\/span><\/div>\n<div class=\"relatedthumb relatedpost-162852 c11\"><a href=\"https:\/\/www.elwatan.com\/regions\/sud\/ouargla\/ouargla-un-salon-international-du-livre-a-partir-de-2019-2-26-11-2018\"\/><\/p>\n<p><span class=\"yuzo__text--title c10\">Ouargla : Un Salon international du livre \u00e0 partir&#8230;<\/span><\/div>\n<div class=\"relatedthumb relatedpost-330353 c11\"><a href=\"https:\/\/www.elwatan.com\/regions\/ouest\/oran\/accidents-de-travail-26-deces-depuis-le-debut-de-lannee-15-12-2018\"\/><\/p>\n<p><span class=\"yuzo__text--title c10\">Accidents de travail : 26 d\u00e9c\u00e8s depuis le d\u00e9but de&#8230;<\/span><\/div>\n<div class=\"relatedthumb relatedpost-555873 c11\"><a href=\"https:\/\/www.elwatan.com\/regions\/est\/constantine\/la-protection-civile-parle-dune-situation-inedite-31-01-2019\"\/><\/p>\n<p><span class=\"yuzo__text--title c10\">La Protection civile parle d\u2019une situation \u00abin\u00e9dit&#8230;<\/span><\/div>\n<\/div>\n<\/div>\n<p><span class=\"post-views-label\">Post Views:<\/span> <span class=\"post-views-count\">245<\/span><\/p>\n<p>Auteur: Anis Khecheba<br \/>\n<a href=\"https:\/\/www.elwatan.com\/regions\/kabylie\/boumerdes\/communes-cotieres-des-eaux-usees-deversees-dans-la-mer-20-05-2019\">Cliquez ici pour lire l&rsquo;article depuis sa source.<\/a><\/p>\n","protected":false},"excerpt":{"rendered":"<p>L\u2019assainissement constitue un s\u00e9rieux probl\u00e8me dans les zones c\u00f4ti\u00e8res de la wilaya de Boumerd\u00e8s. Outre les d\u00e9chets, d\u2019importantes quantit\u00e9s d\u2019eaux us\u00e9es sont jet\u00e9es dans la mer. Le ph\u00e9nom\u00e8ne est constat\u00e9 aussi bien \u00e0 Cap Djenet et Dellys qu\u2019\u00e0 Boumerd\u00e8s, Corso ou Boudouaou El Bahri. Il y a deux ans, la direction de l\u2019hydraulique a fait [&hellip;]<\/p>\n","protected":false},"author":1743,"featured_media":0,"comment_status":"closed","ping_status":"closed","sticky":false,"template":"","format":"standard","meta":{"fifu_image_url":"","fifu_image_alt":"","footnotes":""},"categories":[73,53],"tags":[],"class_list":["post-35473","post","type-post","status-publish","format-standard","hentry","category-actualite","category-algerie"],"_links":{"self":[{"href":"https:\/\/linitiative.ca\/International\/wp-json\/wp\/v2\/posts\/35473","targetHints":{"allow":["GET"]}}],"collection":[{"href":"https:\/\/linitiative.ca\/International\/wp-json\/wp\/v2\/posts"}],"about":[{"href":"https:\/\/linitiative.ca\/International\/wp-json\/wp\/v2\/types\/post"}],"author":[{"embeddable":true,"href":"https:\/\/linitiative.ca\/International\/wp-json\/wp\/v2\/users\/1743"}],"replies":[{"embeddable":true,"href":"https:\/\/linitiative.ca\/International\/wp-json\/wp\/v2\/comments?post=35473"}],"version-history":[{"count":0,"href":"https:\/\/linitiative.ca\/International\/wp-json\/wp\/v2\/posts\/35473\/revisions"}],"wp:attachment":[{"href":"https:\/\/linitiative.ca\/International\/wp-json\/wp\/v2\/media?parent=35473"}],"wp:term":[{"taxonomy":"category","embeddable":true,"href":"https:\/\/linitiative.ca\/International\/wp-json\/wp\/v2\/categories?post=35473"},{"taxonomy":"post_tag","embeddable":true,"href":"https:\/\/linitiative.ca\/International\/wp-json\/wp\/v2\/tags?post=35473"}],"curies":[{"name":"wp","href":"https:\/\/api.w.org\/{rel}","templated":true}]}}