{"id":35474,"date":"2019-05-20T05:00:54","date_gmt":"2019-05-20T09:00:54","guid":{"rendered":"https:\/\/linitiative.ca\/International\/29-458-candidats-presents-aux-trois-paliers\/"},"modified":"2019-05-20T05:00:54","modified_gmt":"2019-05-20T09:00:54","slug":"29-458-candidats-presents-aux-trois-paliers","status":"publish","type":"post","link":"https:\/\/linitiative.ca\/International\/29-458-candidats-presents-aux-trois-paliers\/","title":{"rendered":"29 458 candidats pr\u00e9sents aux trois paliers"},"content":{"rendered":"<h4 class=\"title-14\">Examens de fin d\u2019ann\u00e9e \u00e0 Gharda\u00efa<\/h4>\n<p class=\"p4\"><span class=\"s2\"><strong>C<\/strong><\/span>\u2019est le nombre cumul\u00e9 de candidats aux examens de fin d\u2019ann\u00e9e des trois paliers de l\u2019enseignement primaire, moyen et secondaire, chiffre refl\u00e9t\u00e9 par un document remis \u00e0 la presse par la cellule de communication de la direction de l\u2019\u00e9ducation de la wilaya de Gharda\u00efa.<\/p>\n<p class=\"p4\">Ainsi, lors d\u2019une br\u00e8ve rencontre au niveau de l\u2019acad\u00e9mie, ayant trait aux dispositions prises pour les examens de fin d\u2019ann\u00e9e, la direction de l\u2019\u00e9ducation de la wilaya de Gharda\u00efa affirme que tout est pr\u00eat pour assurer un d\u00e9roulement idoine des \u00e9preuves pour les 29 458 candidats inscrits aux examens de la 5<sup>e<\/sup>, marquant ainsi le passage de l\u2019\u00e9l\u00e8ve du primaire au moyen, du BEM permettant \u00e0 l\u2019\u00e9l\u00e8ve de se hisser au cycle secondaire et au bac, couronnant l\u2019entr\u00e9e du candidat dans le cursus universitaire.<\/p>\n<p class=\"p4\">Pour ce qui est de l\u2019\u00e9preuve de 5<sup>e<\/sup>, synonyme d\u2019examen de fin du cycle primaire, qui se d\u00e9roulera le 29 mai, soit en plein mois de Ramadhan en une seule journ\u00e9e, elle concerne 9429 candidat(e)s, dont 4022 filles, issu(e)s en majorit\u00e9 de l\u2019\u00e9cole publique et 397 d\u2019\u00e9coles priv\u00e9es locales, r\u00e9parti(e)s sur 178 centres d\u2019examen.<\/p>\n<p class=\"p4\">A titre d\u2019information, le nombre important de centres d\u2019examen retenus pour ce palier est la cons\u00e9quence de la bonne d\u00e9cision de faire concourir ces candidats dans leurs \u00e9coles d\u2019origine, leur \u00e9vitant ainsi le stress du changement et de l\u2019\u00e9loignement de leur structure d\u2019origine.<\/p>\n<p class=\"p4\">Comme centre de correction, avec 165 correcteurs affect\u00e9s pour la besogne, il en est pr\u00e9vu un seul qui se situe au lyc\u00e9e Abdelhamid Ben Badis, \u00e0 Oued Nechou, dans la commune de Gharda\u00efa. Le centre de correction ouvrira ses portes une journ\u00e9e avant la date d\u2019examen, soit le 28 mai. Une session de rattrapage est pr\u00e9vue pour le mois de juin, la date exacte ne nous a pas \u00e9t\u00e9 communiqu\u00e9e. Pas moins de 2204 personnes seront mobilis\u00e9es pour la circonstance en mati\u00e8re de surveillance et d\u2019encadrement. En ce qui concerne le BEM, les \u00e9preuves auront lieu les 9,10 et 11 juin. Tous les moyens p\u00e9dagogiques, techniques et logistiques ont \u00e9t\u00e9 mobilis\u00e9s pour la circonstance.<span class=\"Apple-converted-space\">\u00a0 \u00a0 \u00a0 \u00a0 \u00a0 \u00a0 \u00a0 \u00a0<\/span><\/p>\n<div class=\"yuzo_related_post style-1\" data-version=\"5.12.88\">\n<p><h3>Related Post<\/h3>\n<\/p>\n<div class=\"yuzo_wraps\">\n<div class=\"relatedthumb relatedpost-560151 c11\"><a href=\"https:\/\/www.elwatan.com\/regions\/centre\/alger\/square-port-said-le-chantier-s-elargit-24-02-2019\"\/><\/p>\n<p><span class=\"yuzo__text--title c10\">Square Port-Sa\u00efd : Le chantier s\u2019 \u00e9largit<\/span><\/div>\n<div class=\"relatedthumb relatedpost-148870 c11\"><a href=\"https:\/\/www.elwatan.com\/edition\/economie\/recouvrement-fiscal-le-gouvernement-revise-ses-ambitions-a-la-baisse-11-09-2018\"\/><\/p>\n<p><span class=\"yuzo__text--title c10\">Recouvrement fiscal : Le gouvernement r\u00e9vise ses a&#8230;<\/span><\/div>\n<div class=\"relatedthumb relatedpost-202734 c11\"><a href=\"https:\/\/www.elwatan.com\/regions\/centre\/actu-centre\/ksar-el-boukhari-un-pere-de-famille-dont-les-droits-sont-bafoues-interpelle-le-pdg-du-groupe-sonelgaz-01-12-2018\"\/><\/p>\n<p><span class=\"yuzo__text--title c10\">Ksar El Boukhari : Un p\u00e8re de famille dont les dro&#8230;<\/span><\/div>\n<div class=\"relatedthumb relatedpost-558608 c11\"><a href=\"https:\/\/www.elwatan.com\/regions\/est\/constantine\/effondrement-de-maisons-a-la-rue-amar-boutebba-souika-la-mosquee-sidi-abdelmoumen-menace-16-02-2019\"\/><\/p>\n<p><span class=\"yuzo__text--title c10\">Effondrement de maisons \u00e0 la rue Amar Boutebba (So&#8230;<\/span><\/div>\n<\/div>\n<\/div>\n<p><span class=\"post-views-label\">Post Views:<\/span> <span class=\"post-views-count\">102<\/span><\/p>\n<p>Auteur: Anis Khecheba<br \/>\n<a href=\"https:\/\/www.elwatan.com\/regions\/sud\/actu-sud\/29-458-candidats-presents-aux-trois-paliers-20-05-2019\">Cliquez ici pour lire l&rsquo;article depuis sa source.<\/a><\/p>\n","protected":false},"excerpt":{"rendered":"<p>Examens de fin d\u2019ann\u00e9e \u00e0 Gharda\u00efa C\u2019est le nombre cumul\u00e9 de candidats aux examens de fin d\u2019ann\u00e9e des trois paliers de l\u2019enseignement primaire, moyen et secondaire, chiffre refl\u00e9t\u00e9 par un document remis \u00e0 la presse par la cellule de communication de la direction de l\u2019\u00e9ducation de la wilaya de Gharda\u00efa. Ainsi, lors d\u2019une br\u00e8ve rencontre [&hellip;]<\/p>\n","protected":false},"author":1743,"featured_media":0,"comment_status":"closed","ping_status":"closed","sticky":false,"template":"","format":"standard","meta":{"fifu_image_url":"","fifu_image_alt":"","footnotes":""},"categories":[73,53],"tags":[],"class_list":["post-35474","post","type-post","status-publish","format-standard","hentry","category-actualite","category-algerie"],"_links":{"self":[{"href":"https:\/\/linitiative.ca\/International\/wp-json\/wp\/v2\/posts\/35474","targetHints":{"allow":["GET"]}}],"collection":[{"href":"https:\/\/linitiative.ca\/International\/wp-json\/wp\/v2\/posts"}],"about":[{"href":"https:\/\/linitiative.ca\/International\/wp-json\/wp\/v2\/types\/post"}],"author":[{"embeddable":true,"href":"https:\/\/linitiative.ca\/International\/wp-json\/wp\/v2\/users\/1743"}],"replies":[{"embeddable":true,"href":"https:\/\/linitiative.ca\/International\/wp-json\/wp\/v2\/comments?post=35474"}],"version-history":[{"count":0,"href":"https:\/\/linitiative.ca\/International\/wp-json\/wp\/v2\/posts\/35474\/revisions"}],"wp:attachment":[{"href":"https:\/\/linitiative.ca\/International\/wp-json\/wp\/v2\/media?parent=35474"}],"wp:term":[{"taxonomy":"category","embeddable":true,"href":"https:\/\/linitiative.ca\/International\/wp-json\/wp\/v2\/categories?post=35474"},{"taxonomy":"post_tag","embeddable":true,"href":"https:\/\/linitiative.ca\/International\/wp-json\/wp\/v2\/tags?post=35474"}],"curies":[{"name":"wp","href":"https:\/\/api.w.org\/{rel}","templated":true}]}}