{"id":35475,"date":"2019-05-20T05:00:55","date_gmt":"2019-05-20T09:00:55","guid":{"rendered":"https:\/\/linitiative.ca\/International\/issers-el-hamri-un-village-oublie\/"},"modified":"2019-05-20T05:00:55","modified_gmt":"2019-05-20T09:00:55","slug":"issers-el-hamri-un-village-oublie","status":"publish","type":"post","link":"https:\/\/linitiative.ca\/International\/issers-el-hamri-un-village-oublie\/","title":{"rendered":"Issers :\u00a0El Hamri, un village oubli\u00e9"},"content":{"rendered":"<h4 class=\"title-14\"\/>\n<p class=\"p4\"><span class=\"s1\"><strong>E<\/strong><\/span><span class=\"s2\">l Hamri est une localit\u00e9 qui se trouve sur les hauteurs de la ville des Issers en allant vers Chabet El Ameur. Ce village est d\u00e9j\u00e0, par sa configuration g\u00e9ographique, difficile d\u2019acc\u00e8s. Mais ce n\u2019est rien \u00e0 c\u00f4t\u00e9 de la r\u00e9alit\u00e9 d\u2019une route en pente, o\u00f9 les v\u00e9hicules les plus solides \u00e9prouvent des difficult\u00e9s.<\/span><\/p>\n<p class=\"p4\"><span class=\"s2\">D\u2019ailleurs, on croise quelques bus qui caracolent vers le sommet avec une marchandise humaine ballott\u00e9e et malmen\u00e9e dans tous les sens et d\u2019une promiscuit\u00e9 secondaire par rapport \u00e0 l\u2019urgence de parvenir \u00e0 sa destination. A droite et \u00e0 gauche, des bicoques apparaissent. Les restes d\u2019un site de chalets sont encore visibles, quelques familles ont reconstruit. En attendant des logements, elles b\u00e9n\u00e9ficient de la tranquillit\u00e9 d\u2019utiliser le lieu. Parvenu au but : des immeubles sont align\u00e9s en dominos. Il y a normalement 600 familles qui devraient y habiter, en fait, elles ne sont que 400. Plusieurs immeubles, dont la construction s\u2019est achev\u00e9e depuis deux ans d\u00e9j\u00e0, sont peu occup\u00e9s.<\/span><\/p>\n<p class=\"p4\"><span class=\"s2\">Leur acc\u00e8s pose un grand probl\u00e8me. Aucune viabilisation n\u2019a \u00e9t\u00e9 r\u00e9alis\u00e9e. En somme, et contrairement aux blocs situ\u00e9s en contrebas, qui sont totalement habit\u00e9s, celui qui est en pi\u00e9mont demeure interdit aux habitants. Impensable ! Et dire que le premier \u00e9lu de la mairie se trouve l\u00e0 impuissant. Les enfants n\u2019ont pas d\u2019\u00e9cole non plus. Ils doivent marcher 4 km pour fr\u00e9quenter une classe d\u00e9cente.<\/span><\/p>\n<p class=\"p4\"><span class=\"s2\">Comment ces familles ont-elles pu tenir dans ces conditions o\u00f9 le gaz ne leur a \u00e9t\u00e9 branch\u00e9 que depuis quelques jours ? Mais qu\u2019a fait le maire depuis tout ce temps-l\u00e0 ? Il lui suffisait d\u2019inscrire les projets et de s\u2019en laver les mains dans le cas d\u2019une non-prise en charge. M\u00eame pas cela.<\/span><\/p>\n<p class=\"p5\"><span class=\"s2\">Les crit\u00e8res de candidature des \u00e9lus doivent imp\u00e9rativement \u00eatre revus dans le sens de relever les comp\u00e9tences. En fait, toute la pyramide des responsabilit\u00e9s est \u00e0 repenser. Car le cas d\u2019El Hamri est malheureusement pluriel.<br \/>Plusieurs communes dans la wilaya connaissent la m\u00eame situation.\u00a0<\/span><\/p>\n<div class=\"yuzo_related_post style-1\" data-version=\"5.12.88\">\n<p><h3>Related Post<\/h3>\n<\/p>\n<div class=\"yuzo_wraps\">\n<div class=\"relatedthumb relatedpost-168105 c11\"><a href=\"https:\/\/www.elwatan.com\/edition\/economie\/manque-de-prevision-et-non-maitrise-des-budgets-29-11-2018\"\/><\/p>\n<p><span class=\"yuzo__text--title c10\">Manque de pr\u00e9vision et non-ma\u00eetrise des budgets<\/span><\/div>\n<div class=\"relatedthumb relatedpost-555836 c11\"><a href=\"https:\/\/www.elwatan.com\/edition\/actualite\/lalgerie-ne-couvre-ses-besoins-alimentaires-qua-55-30-01-2019\"\/><\/p>\n<p><span class=\"yuzo__text--title c10\">L\u2019Alg\u00e9rie ne couvre ses besoins alimentaires qu\u2019\u00e0 &#8230;<\/span><\/div>\n<div class=\"relatedthumb relatedpost-562111 c11\"><a href=\"https:\/\/www.elwatan.com\/regions\/ouest\/tiaret\/tiaret-le-tassili-a-lhonneur-06-03-2019\"\/><\/p>\n<p><span class=\"yuzo__text--title c10\">Tiaret :\u00a0Le Tassili \u00e0 l\u2019honneur<\/span><\/div>\n<div class=\"relatedthumb relatedpost-382268 c11\"><a href=\"https:\/\/www.elwatan.com\/regions\/est\/biskra\/le-centre-ville-de-biskra-bloque-26-12-2018\"\/><\/p>\n<p><span class=\"yuzo__text--title c10\">Le centre-ville de Biskra bloqu\u00e9<\/span><\/div>\n<\/div>\n<\/div>\n<p><span class=\"post-views-label\">Post Views:<\/span> <span class=\"post-views-count\">166<\/span><\/p>\n<p>Auteur: Anis Khecheba<br \/>\n<a href=\"https:\/\/www.elwatan.com\/regions\/kabylie\/boumerdes\/issers-el-hamri-un-village-oublie-20-05-2019\">Cliquez ici pour lire l&rsquo;article depuis sa source.<\/a><\/p>\n","protected":false},"excerpt":{"rendered":"<p>El Hamri est une localit\u00e9 qui se trouve sur les hauteurs de la ville des Issers en allant vers Chabet El Ameur. Ce village est d\u00e9j\u00e0, par sa configuration g\u00e9ographique, difficile d\u2019acc\u00e8s. Mais ce n\u2019est rien \u00e0 c\u00f4t\u00e9 de la r\u00e9alit\u00e9 d\u2019une route en pente, o\u00f9 les v\u00e9hicules les plus solides \u00e9prouvent des difficult\u00e9s. D\u2019ailleurs, [&hellip;]<\/p>\n","protected":false},"author":1743,"featured_media":0,"comment_status":"closed","ping_status":"closed","sticky":false,"template":"","format":"standard","meta":{"fifu_image_url":"","fifu_image_alt":"","footnotes":""},"categories":[73,53],"tags":[],"class_list":["post-35475","post","type-post","status-publish","format-standard","hentry","category-actualite","category-algerie"],"_links":{"self":[{"href":"https:\/\/linitiative.ca\/International\/wp-json\/wp\/v2\/posts\/35475","targetHints":{"allow":["GET"]}}],"collection":[{"href":"https:\/\/linitiative.ca\/International\/wp-json\/wp\/v2\/posts"}],"about":[{"href":"https:\/\/linitiative.ca\/International\/wp-json\/wp\/v2\/types\/post"}],"author":[{"embeddable":true,"href":"https:\/\/linitiative.ca\/International\/wp-json\/wp\/v2\/users\/1743"}],"replies":[{"embeddable":true,"href":"https:\/\/linitiative.ca\/International\/wp-json\/wp\/v2\/comments?post=35475"}],"version-history":[{"count":0,"href":"https:\/\/linitiative.ca\/International\/wp-json\/wp\/v2\/posts\/35475\/revisions"}],"wp:attachment":[{"href":"https:\/\/linitiative.ca\/International\/wp-json\/wp\/v2\/media?parent=35475"}],"wp:term":[{"taxonomy":"category","embeddable":true,"href":"https:\/\/linitiative.ca\/International\/wp-json\/wp\/v2\/categories?post=35475"},{"taxonomy":"post_tag","embeddable":true,"href":"https:\/\/linitiative.ca\/International\/wp-json\/wp\/v2\/tags?post=35475"}],"curies":[{"name":"wp","href":"https:\/\/api.w.org\/{rel}","templated":true}]}}