{"id":35476,"date":"2019-05-20T08:07:50","date_gmt":"2019-05-20T12:07:50","guid":{"rendered":"https:\/\/linitiative.ca\/International\/report-du-proces-de-lhomme-daffaires-ali-haddad-au-3-juin-prochain\/"},"modified":"2019-05-20T08:07:50","modified_gmt":"2019-05-20T12:07:50","slug":"report-du-proces-de-lhomme-daffaires-ali-haddad-au-3-juin-prochain","status":"publish","type":"post","link":"https:\/\/linitiative.ca\/International\/report-du-proces-de-lhomme-daffaires-ali-haddad-au-3-juin-prochain\/","title":{"rendered":"Report du proc\u00e8s de l\u2019homme d\u2019affaires Ali Haddad au 3 juin prochain"},"content":{"rendered":"<h4 class=\"title-14\"\/>\n<div class=\"featured_image\"><img width=\"800\" height=\"471\" data-cfsrc=\"https:\/\/www.elwatan.com\/wp-content\/uploads\/2019\/03\/fce-aeddad-colli-haddad-limoge-toufik-lerari-e1552953154944.jpg\" class=\"attachment-post-thumbnail size-post-thumbnail wp-post-image c1\" alt=\"Report du proc\u00e8s de l'homme d'affaires Ali Haddad au 3 juin prochain\"\/><noscript><\/p>\n<p><img loading=\"lazy\" decoding=\"async\" width=\"800\" height=\"471\" src=\"https:\/\/www.elwatan.com\/wp-content\/uploads\/2019\/03\/fce-aeddad-colli-haddad-limoge-toufik-lerari-e1552953154944.jpg\" class=\"attachment-post-thumbnail size-post-thumbnail wp-post-image\" alt=\"Report du proc\u00e8s de l'homme d'affaires Ali Haddad au 3 juin prochain\"\/><\/p>\n<p><\/noscript><\/div>\n<p>Le juge d\u2019application des peines pr\u00e8s le tribunal de Bir Mourad Ra\u00efs (Alger) a d\u00e9cid\u00e9, lundi, le report du proc\u00e8s de l\u2019homme d\u2019affaires et ex-pr\u00e9sident du Forum des chefs d\u2019entreprises (FCE), Ali Haddad, au 3 juin prochain \u201cpour absence de t\u00e9moins\u201d.<\/p>\n<p>Ali Haddad a comparu devant le juge qui a annonc\u00e9 le report du proc\u00e8s jusqu\u2019\u00e0 la pr\u00e9sentation des t\u00e9moins. Il est poursuivi pour faux et usage de faux et fausses d\u00e9clarations. Ali Haddad avait comparu, le 3 avril dernier, devant le juge d\u2019instruction pr\u00e8s du m\u00eame tribunal, lequel avait ordonn\u00e9 son placement en d\u00e9tention provisoire \u00e0 l\u2019\u00e9tablissement p\u00e9nitentiaire d\u2019El Harrach. Pour rappel, l\u2019ex-pr\u00e9sident du FCE avait \u00e9t\u00e9 appr\u00e9hend\u00e9, en mars dernier, au poste frontalier d\u2019Oum Teboul (El Tarf), alors qu\u2019il s\u2019appr\u00eatait \u00e0 quitter le territoire national, en direction de la Tunisie, en possession de deux passeports, deux permis de conduire et d\u2019un montant en devise.<\/p>\n<div class=\"yuzo_related_post style-1\" data-version=\"5.12.88\">\n<p><h3>Related Post<\/h3>\n<\/p>\n<div class=\"yuzo_wraps\">\n<div class=\"relatedthumb relatedpost-578590 c11\"><a href=\"https:\/\/www.elwatan.com\/regions\/est\/skikda\/lotissement-briqueterie-ouest-a-skikda-on-nous-assoiffe-en-ce-mois-de-jeune-14-05-2019\"\/><\/p>\n<p><span class=\"yuzo__text--title c10\">Lotissement briqueterie ouest \u00e0 Skikda : \u00abOn nous &#8230;<\/span><\/div>\n<div class=\"relatedthumb relatedpost-556392 c11\"><a href=\"https:\/\/www.elwatan.com\/edition\/sports\/espagne-solari-juge-son-real-en-pleine-forme-03-02-2019\"\/><\/p>\n<p><span class=\"yuzo__text--title c10\">Espagne : Solari juge son Real \u00aben pleine forme\u00bb<\/span><\/div>\n<div class=\"relatedthumb relatedpost-567704 c11\"><a href=\"https:\/\/www.elwatan.com\/pages-hebdo\/magazine\/samir-ghribi-travaille-a-son-propre-compte-blida-04-04-2019\"\/><\/p>\n<p><span class=\"yuzo__text--title c10\">Samir Ghribi. Travaille \u00e0 son propre compte (Blida&#8230;<\/span><\/div>\n<div class=\"relatedthumb relatedpost-563448 c11\"><a href=\"https:\/\/www.elwatan.com\/edition\/actualite\/report-de-lelection-presidentielle-conference-nationale-et-gouvernement-consensuel-prolongation-de-mandat-pour-une-feuille-de-route-en-sept-points-12-03-2019\"\/><\/p>\n<p><span class=\"yuzo__text--title c10\">Report de l\u2019\u00e9lection pr\u00e9sidentielle , conf\u00e9rence n&#8230;<\/span><\/div>\n<\/div>\n<\/div>\n<p><span class=\"post-views-label\">Post Views:<\/span> <span class=\"post-views-count\">1\u00a0666<\/span><\/p>\n<p>Auteur: Mourad Hachid<br \/>\n<a href=\"https:\/\/www.elwatan.com\/edition\/actualite\/report-du-proces-de-lhomme-daffaires-ali-haddad-au-3-juin-prochain-20-05-2019\">Cliquez ici pour lire l&rsquo;article depuis sa source.<\/a><\/p>\n","protected":false},"excerpt":{"rendered":"<p>Le juge d\u2019application des peines pr\u00e8s le tribunal de Bir Mourad Ra\u00efs (Alger) a d\u00e9cid\u00e9, lundi, le report du proc\u00e8s de l\u2019homme d\u2019affaires et ex-pr\u00e9sident du Forum des chefs d\u2019entreprises (FCE), Ali Haddad, au 3 juin prochain \u201cpour absence de t\u00e9moins\u201d. Ali Haddad a comparu devant le juge qui a annonc\u00e9 le report du proc\u00e8s [&hellip;]<\/p>\n","protected":false},"author":1743,"featured_media":35477,"comment_status":"closed","ping_status":"closed","sticky":false,"template":"","format":"standard","meta":{"fifu_image_url":"","fifu_image_alt":"","footnotes":""},"categories":[73,53],"tags":[],"class_list":["post-35476","post","type-post","status-publish","format-standard","has-post-thumbnail","hentry","category-actualite","category-algerie"],"_links":{"self":[{"href":"https:\/\/linitiative.ca\/International\/wp-json\/wp\/v2\/posts\/35476","targetHints":{"allow":["GET"]}}],"collection":[{"href":"https:\/\/linitiative.ca\/International\/wp-json\/wp\/v2\/posts"}],"about":[{"href":"https:\/\/linitiative.ca\/International\/wp-json\/wp\/v2\/types\/post"}],"author":[{"embeddable":true,"href":"https:\/\/linitiative.ca\/International\/wp-json\/wp\/v2\/users\/1743"}],"replies":[{"embeddable":true,"href":"https:\/\/linitiative.ca\/International\/wp-json\/wp\/v2\/comments?post=35476"}],"version-history":[{"count":0,"href":"https:\/\/linitiative.ca\/International\/wp-json\/wp\/v2\/posts\/35476\/revisions"}],"wp:featuredmedia":[{"embeddable":true,"href":"https:\/\/linitiative.ca\/International\/wp-json\/"}],"wp:attachment":[{"href":"https:\/\/linitiative.ca\/International\/wp-json\/wp\/v2\/media?parent=35476"}],"wp:term":[{"taxonomy":"category","embeddable":true,"href":"https:\/\/linitiative.ca\/International\/wp-json\/wp\/v2\/categories?post=35476"},{"taxonomy":"post_tag","embeddable":true,"href":"https:\/\/linitiative.ca\/International\/wp-json\/wp\/v2\/tags?post=35476"}],"curies":[{"name":"wp","href":"https:\/\/api.w.org\/{rel}","templated":true}]}}