{"id":35478,"date":"2019-05-20T10:00:38","date_gmt":"2019-05-20T14:00:38","guid":{"rendered":"https:\/\/linitiative.ca\/International\/gaid-salah-veut-imposer-lelection-presidentielle-et-reorienter-les-marches-populaires\/"},"modified":"2019-05-20T10:00:38","modified_gmt":"2019-05-20T14:00:38","slug":"gaid-salah-veut-imposer-lelection-presidentielle-et-reorienter-les-marches-populaires","status":"publish","type":"post","link":"https:\/\/linitiative.ca\/International\/gaid-salah-veut-imposer-lelection-presidentielle-et-reorienter-les-marches-populaires\/","title":{"rendered":"Ga\u00efd Salah veut imposer l\u2019\u00e9lection pr\u00e9sidentielle et r\u00e9orienter les marches populaires"},"content":{"rendered":"<h4 class=\"title-14\"\/>\n<div class=\"featured_image\"><img width=\"640\" height=\"427\" data-cfsrc=\"https:\/\/www.elwatan.com\/wp-content\/uploads\/2019\/05\/gaid-20.jpg\" class=\"attachment-post-thumbnail size-post-thumbnail wp-post-image c1\" alt=\"\" srcset=\"https:\/\/www.elwatan.com\/wp-content\/uploads\/2019\/05\/gaid-20.jpg 640w, https:\/\/www.elwatan.com\/wp-content\/uploads\/2019\/05\/gaid-20-300x200.jpg 300w\" sizes=\"(max-width: 640px) 100vw, 640px\"\/><noscript><\/p>\n<p><img loading=\"lazy\" decoding=\"async\" width=\"640\" height=\"427\" src=\"https:\/\/www.elwatan.com\/wp-content\/uploads\/2019\/05\/gaid-20.jpg\" class=\"attachment-post-thumbnail size-post-thumbnail wp-post-image\" alt=\"\" srcset=\"https:\/\/www.elwatan.com\/wp-content\/uploads\/2019\/05\/gaid-20.jpg 640w, https:\/\/www.elwatan.com\/wp-content\/uploads\/2019\/05\/gaid-20-300x200.jpg 300w\" sizes=\"auto, (max-width: 640px) 100vw, 640px\"\/><\/p>\n<p><\/noscript> <span class=\"featured-image-caption\">Le chef d&rsquo;\u00e9tat-major de l&rsquo;ANP, Ahmed Ga\u00efd Salah \u00e0 Ouargla. Photo : MDN<\/span><\/div>\n<p>Le g\u00e9n\u00e9ral de corps d\u2019Arm\u00e9e Ahmed Ga\u00efd Salah, vice-ministre de la D\u00e9fense et chef d\u2019\u00e9tat-major de l\u2019arm\u00e9e? a repris ses discours politiques. S\u2019exprimant aujourd\u2019hui depuis Ouargla, Ga\u00efd Salah s\u2019est montr\u00e9, une nouvelle fois, oppos\u00e9 aux revendications exprim\u00e9es par les Alg\u00e9riens qui exigent le changement radical du syst\u00e8me et le d\u00e9part de toutes les figures du r\u00e9gime en place.<\/p>\n<p>\u00ab\u00a0La tenue des \u00e9lections pr\u00e9sidentielles mettra un terme \u00e0 tous ceux qui tentent de faire perdurer cette crise. Il est certain que l\u2019\u00e9tape principale serait d\u2019acc\u00e9l\u00e9rer la cr\u00e9ation et l\u2019installation de l\u2019instance ind\u00e9pendante pour l\u2019organisation et la supervision des \u00e9lections \u00bb, a d\u00e9clar\u00e9 le chef de l\u2019\u00e9tat-major de l\u2019arm\u00e9e. Il n\u2019a pas manqu\u00e9 de mettre en garde contre ce qu\u2019il qualifie, depuis le d\u00e9but de la r\u00e9volution pacifique, de \u00ab\u00a0cons\u00e9quences d\u00e9sastreuses du vide constitutionnel\u00a0\u00bb.<\/p>\n<p>Outre le fait de camper sur ses positions concernant le maintien <a href=\"https:\/\/www.elwatan.com\/a-la-une\/ali-yahia-taleb-ibrahimi-et-benyelles-larmee-doit-nouer-un-dialogue-franc-et-honnete-19-05-2019\">du scrutin du 4 juillet<\/a>, rejet\u00e9 par la grande partie des manifestants \u00e0 travers tout le pays et par l\u2019ensemble de la classe politique, Ga\u00efd Salah est all\u00e9 plus loin encore en voulant s\u2019immiscer dans l\u2019organisation des marches populaires pendant lesquelles sont brandis, souvent, des slogans qui ne sont pas \u00e0 son gout. \u00ab\u00a0Il devient imp\u00e9ratif de revoir la mani\u00e8re d\u2019organiser ces manifestations et la n\u00e9cessit\u00e9 de les encadrer par des personnes ayant un esprit nationaliste responsable (\u2026)\u00a0\u00bb, a-t-il dit. Pour lui, \u00ab\u00a0Il est pr\u00e9f\u00e9rable que les marches se caract\u00e9risent par un niveau raisonnable et suffisant d\u2019organisation et d\u2019encadrement efficace pour faire \u00e9merger de vrais repr\u00e9sentants qui se distinguent par leur sinc\u00e9rit\u00e9 et int\u00e9grit\u00e9 pour transmettre les revendications l\u00e9gitimes de ces marches, en leur \u00e9vitant toute forme d\u2019anarchie et de tomber dans le pi\u00e8ge de l\u2019infiltration par des individus ayant des plans suspects qui utilisent ses manifestations comme un portail pour scander leurs slogans et brandir leurs banni\u00e8res, et une passerelle pour transmettre certaines revendications irrationnelles, telle que l\u2019exigence du d\u00e9part collectif de tous les cadres de l\u2019Etat (\u2026)\u00a0\u00bb. Cette derni\u00e8re revendication, selon lui, est \u00ab\u00a0irraisonnable, voire dangereuse et malveillante, qui vise \u00e0 d\u00e9poss\u00e9der les institutions de l\u2019Etat de ses cadres et les d\u00e9nigrer (\u2026)\u00a0\u00bb.<\/p>\n<p>Il convient de rappeler \u00e0 ce propos que Gaid Salah a \u00e9t\u00e9 vis\u00e9 par des slogans hostiles, tel \u00ab\u00a0<a href=\"https:\/\/www.elwatan.com\/edition\/actualite\/12e-vendredi-de-la-contestation-populaire-gaid-salah-particulierement-cible-11-05-2019\">Une r\u00e9publique et non une caserne<\/a>\u00a0\u00bb scand\u00e9 par des foules qui soup\u00e7onnent une volont\u00e9 de mettre en place une dictature militaire en Alg\u00e9rie.<\/p>\n<p>Le chef d\u2019\u00e9tat-major de l\u2019ANP n\u2019a pas omis d\u2019\u00e9voquer, sans les nommer, le cas de <a href=\"https:\/\/www.elwatan.com\/edition\/actualite\/affaire-dite-tartag-toufik-said-bouteflika-nezzar-entendu-par-le-juge-dinstruction-15-05-2019\">Said Bouteflika, Toufik et Tartag<\/a>, en d\u00e9clarant\u00a0:\u00a0\u00ab\u00a0Nul doute que les t\u00eates de la discorde, qui ont \u00e9t\u00e9 d\u00e9masqu\u00e9s, ainsi que leurs actes criminels et pernicieux n\u00e9fastes pour l\u2019Alg\u00e9rie, sont aujourd\u2019hui en train de subir la sanction juste et \u00e9quitable qu\u2019elles m\u00e9ritent par la force de la loi\u00a0\u00bb. Et d\u2019ajouter, mena\u00e7ant\u00a0: \u00ab\u00a0Ce sera \u00e9galement le sort de tous ceux qui sont impliqu\u00e9s dans le complot contre l\u2019Arm\u00e9e (\u2026). Ceux-l\u00e0 m\u00eame que les enqu\u00eates pers\u00e9v\u00e9rantes et approfondies en cours, ne manqueront pas de d\u00e9voiler dans l\u2019avenir et seront eux aussi sanctionn\u00e9s de mani\u00e8re juste et \u00e9quitable par la force de la loi\u00a0\u00bb.<\/p>\n<p>Il faut souligner enfin que l\u2019ent\u00eatement de Gaid Salah \u00e0 vouloir imposer sa feuille de route, bas\u00e9e sur l\u2019article 102 de la Constitution, a \u00e9t\u00e9 accueilli par un rejet massif de la part des manifestants qui exigent, depuis bient\u00f4t 3 mois, un changement radical du syst\u00e8me politique, \u00e0 travers une <a href=\"https:\/\/www.elwatan.com\/edition\/actualite\/la-ville-est-connue-pour-sa-mobilisation-exceptionnelle-vendredi-de-hirak-a-bba-19-05-2019\">p\u00e9riode de transition<\/a> qui sera conduite par des figures issues de la r\u00e9volution pacifique.<\/p>\n<div class=\"yuzo_related_post style-1\" data-version=\"5.12.88\">\n<p><h3>Related Post<\/h3>\n<\/p>\n<div class=\"yuzo_wraps\">\n<div class=\"relatedthumb relatedpost-228417 c11\"><a href=\"https:\/\/www.elwatan.com\/edition\/actualite\/environnement-la-cop24-se-tient-du-2-au-4-decembre-en-pologne-03-12-2018\"\/><\/p>\n<p><span class=\"yuzo__text--title c10\">Environnement : La COP24 se tient du 2 au 4 d\u00e9cemb&#8230;<\/span><\/div>\n<div class=\"relatedthumb relatedpost-146656 c11\"><a href=\"https:\/\/www.elwatan.com\/edition\/culture\/hizam-de-hamid-benamra-en-competition-01-09-2018\"\/><\/p>\n<p><span class=\"yuzo__text--title c10\">Hizam, de Hamid Benamra en comp\u00e9tition<\/span><\/div>\n<div class=\"relatedthumb relatedpost-286187 c11\"><a href=\"https:\/\/www.elwatan.com\/pages-hebdo\/multimedia\/un-envoye-special-100-maghreb-17-04-2009\"\/><\/p>\n<p><span class=\"yuzo__text--title c10\">Un Envoy\u00e9 Sp\u00e9cial 100% Maghreb<\/span><\/div>\n<div class=\"relatedthumb relatedpost-147101 c11\"><a href=\"https:\/\/www.elwatan.com\/edition\/culture\/cinema-le-film-ben-mhidi-interdit-de-projection-en-algerie-03-09-2018\"\/><\/p>\n<p><span class=\"yuzo__text--title c10\">Cin\u00e9ma : Le film Ben M\u2019hidi interdit de projection&#8230;<\/span><\/div>\n<\/div>\n<\/div>\n<p><span class=\"post-views-label\">Post Views:<\/span> <span class=\"post-views-count\">3\u00a0699<\/span><\/p>\n<p>Auteur: Farouk Djouadi<br \/>\n<a href=\"https:\/\/www.elwatan.com\/edition\/actualite\/gaid-salah-veut-imposer-lelection-presidentielle-et-reorienter-les-marches-populaires-20-05-2019\">Cliquez ici pour lire l&rsquo;article depuis sa source.<\/a><\/p>\n","protected":false},"excerpt":{"rendered":"<p>Le chef d&rsquo;\u00e9tat-major de l&rsquo;ANP, Ahmed Ga\u00efd Salah \u00e0 Ouargla. Photo : MDN Le g\u00e9n\u00e9ral de corps d\u2019Arm\u00e9e Ahmed Ga\u00efd Salah, vice-ministre de la D\u00e9fense et chef d\u2019\u00e9tat-major de l\u2019arm\u00e9e? a repris ses discours politiques. S\u2019exprimant aujourd\u2019hui depuis Ouargla, Ga\u00efd Salah s\u2019est montr\u00e9, une nouvelle fois, oppos\u00e9 aux revendications exprim\u00e9es par les Alg\u00e9riens qui exigent [&hellip;]<\/p>\n","protected":false},"author":1743,"featured_media":35479,"comment_status":"closed","ping_status":"closed","sticky":false,"template":"","format":"standard","meta":{"fifu_image_url":"","fifu_image_alt":"","footnotes":""},"categories":[73,53],"tags":[],"class_list":["post-35478","post","type-post","status-publish","format-standard","has-post-thumbnail","hentry","category-actualite","category-algerie"],"_links":{"self":[{"href":"https:\/\/linitiative.ca\/International\/wp-json\/wp\/v2\/posts\/35478","targetHints":{"allow":["GET"]}}],"collection":[{"href":"https:\/\/linitiative.ca\/International\/wp-json\/wp\/v2\/posts"}],"about":[{"href":"https:\/\/linitiative.ca\/International\/wp-json\/wp\/v2\/types\/post"}],"author":[{"embeddable":true,"href":"https:\/\/linitiative.ca\/International\/wp-json\/wp\/v2\/users\/1743"}],"replies":[{"embeddable":true,"href":"https:\/\/linitiative.ca\/International\/wp-json\/wp\/v2\/comments?post=35478"}],"version-history":[{"count":0,"href":"https:\/\/linitiative.ca\/International\/wp-json\/wp\/v2\/posts\/35478\/revisions"}],"wp:featuredmedia":[{"embeddable":true,"href":"https:\/\/linitiative.ca\/International\/wp-json\/"}],"wp:attachment":[{"href":"https:\/\/linitiative.ca\/International\/wp-json\/wp\/v2\/media?parent=35478"}],"wp:term":[{"taxonomy":"category","embeddable":true,"href":"https:\/\/linitiative.ca\/International\/wp-json\/wp\/v2\/categories?post=35478"},{"taxonomy":"post_tag","embeddable":true,"href":"https:\/\/linitiative.ca\/International\/wp-json\/wp\/v2\/tags?post=35478"}],"curies":[{"name":"wp","href":"https:\/\/api.w.org\/{rel}","templated":true}]}}