{"id":35481,"date":"2019-05-20T12:11:08","date_gmt":"2019-05-20T16:11:08","guid":{"rendered":"https:\/\/linitiative.ca\/International\/lourdes-condamnations-dans-laffaire-de-la-sabliere-dans-le-parc-national-del-kala\/"},"modified":"2019-05-20T12:11:08","modified_gmt":"2019-05-20T16:11:08","slug":"lourdes-condamnations-dans-laffaire-de-la-sabliere-dans-le-parc-national-del-kala","status":"publish","type":"post","link":"https:\/\/linitiative.ca\/International\/lourdes-condamnations-dans-laffaire-de-la-sabliere-dans-le-parc-national-del-kala\/","title":{"rendered":"Lourdes condamnations dans l\u2019affaire de la sabli\u00e8re dans le Parc national d\u2019El Kala"},"content":{"rendered":"<h4 class=\"title-14\"\/>\n<p>Le tribunal d\u2019El Kala a rendu son verdict,\u00a0ce lundi, dans l\u2019affaire du site minier ouvert en d\u00e9pit de la loi dans le Parc national d\u2019El Kala.<\/p>\n<p>Poursuivi pour exploitation ill\u00e9gale d\u2019un site minier, faux et usage de faux et complicit\u00e9, l\u2019expert A. Khelifi a \u00e9t\u00e9 condamn\u00e9 \u00e0 3 ans de prison fermer et 100\u00a0000 DA d\u2019amende assorti d\u2019une interdiction d\u2019activit\u00e9 de 5 ans, l\u2019ancien directeur de l\u2019agence nationale des activit\u00e9s mini\u00e8res (ANAM) Hassan Hariati \u00e0 2 ans de prison ferme et 500\u00a0000 d\u2019amende, A. Bahous, le second expert impliqu\u00e9 dans l\u2019affaire, \u00e0 une ann\u00e9e de prison ferme et 100\u00a0000 DA d\u2019amende.<\/p>\n<p>Quant \u00e0 l\u2019exploitant Bousbiaa Rabah, non concern\u00e9 par le d\u00e9lit de complicit\u00e9, il a \u00e9cop\u00e9 de 8 mois de prison ferme et 1 million de DA d\u2019amende. Les 4 accus\u00e9s sont en outre condamn\u00e9s \u00e0 verser collectivement la somme de 8 millions DA \u00e0 la partie civile autrement dit la Conservation des For\u00eats d\u2019El Tarf.<\/p>\n<p>Cette affaire remonte \u00e0 2006 lorsque l\u2019ANAM accorde des concessions pour des sites miniers \u00e0 El Tarf dont 2, dans le parc national d\u2019El Kala. Les autorit\u00e9s de l\u2019\u00e9poque r\u00e9agissent et font annuler les concessions mais la Sarl Bousbiaa de Skikda porte plainte en 2011 devant le Conseil d\u2019Etat qui statue en 2016 en faveur de l\u2019exploitant et ordonne \u00e0 l\u2019ANAM de lui d\u00e9livrer un titre minier.<\/p>\n<p>Il reprend l\u2019extraction en octobre 2017 mais il est arr\u00eat\u00e9 en d\u00e9cembre car \u00e0 le demande des autorit\u00e9s locales une enqu\u00eate est ouverte et r\u00e9v\u00e8le de nombreuses irr\u00e9gularit\u00e9s dans les rapports d\u2019experts. L\u2019exploitant Bousbiaa n\u2019est pas un inconnu, il est sp\u00e9cialis\u00e9 dans cette activit\u00e9. C\u2019est l\u2019exploitant \u00e9galement de la sabli\u00e8re d\u2019Oued Zhor \u00e0 limite entre JiJel et Skikda.<\/p>\n<p>Depuis des ann\u00e9es, l\u2019extraction illicite du sable est d\u00e9nonc\u00e9e par les populations locales, notamment celles du massif du Bougaroun, que traversent \u00e0 toute allure les camions de 20 tonnes, les services de la protection de la nature et de l\u2019environnement.<\/p>\n<p>Une dune v\u00e9g\u00e9talis\u00e9e d\u2019une grande richesse naturelle et esth\u00e9tique a \u00e9t\u00e9 compl\u00e8tement ras\u00e9e depuis et on s\u2019attaque aujourd\u2019hui aux terrains \u00e0 proximit\u00e9s. Un arr\u00eat\u00e9 du wali de Jijel a \u00e9t\u00e9 pris pour fermer ce site mais il est rest\u00e9 sans effet. Trop de complicit\u00e9 nous a-t-on dit et au plus haut niveau de l\u2019Etat. M\u00eame topo \u00e0 Filfila \u00e0 l\u2019est de Skikda.<\/p>\n<p><span class=\"post-views-label\">Post Views:<\/span> <span class=\"post-views-count\">358<\/span><\/p>\n<p>Auteur: Mourad Hachid<br \/>\n<a href=\"https:\/\/www.elwatan.com\/edition\/actualite\/lourdes-condamnations-dans-laffaire-de-la-sabliere-dans-le-parc-national-del-kala-20-05-2019\">Cliquez ici pour lire l&rsquo;article depuis sa source.<\/a><\/p>\n","protected":false},"excerpt":{"rendered":"<p>Le tribunal d\u2019El Kala a rendu son verdict,\u00a0ce lundi, dans l\u2019affaire du site minier ouvert en d\u00e9pit de la loi dans le Parc national d\u2019El Kala. Poursuivi pour exploitation ill\u00e9gale d\u2019un site minier, faux et usage de faux et complicit\u00e9, l\u2019expert A. Khelifi a \u00e9t\u00e9 condamn\u00e9 \u00e0 3 ans de prison fermer et 100\u00a0000 DA [&hellip;]<\/p>\n","protected":false},"author":1743,"featured_media":0,"comment_status":"closed","ping_status":"closed","sticky":false,"template":"","format":"standard","meta":{"fifu_image_url":"","fifu_image_alt":"","footnotes":""},"categories":[73,53],"tags":[],"class_list":["post-35481","post","type-post","status-publish","format-standard","hentry","category-actualite","category-algerie"],"_links":{"self":[{"href":"https:\/\/linitiative.ca\/International\/wp-json\/wp\/v2\/posts\/35481","targetHints":{"allow":["GET"]}}],"collection":[{"href":"https:\/\/linitiative.ca\/International\/wp-json\/wp\/v2\/posts"}],"about":[{"href":"https:\/\/linitiative.ca\/International\/wp-json\/wp\/v2\/types\/post"}],"author":[{"embeddable":true,"href":"https:\/\/linitiative.ca\/International\/wp-json\/wp\/v2\/users\/1743"}],"replies":[{"embeddable":true,"href":"https:\/\/linitiative.ca\/International\/wp-json\/wp\/v2\/comments?post=35481"}],"version-history":[{"count":0,"href":"https:\/\/linitiative.ca\/International\/wp-json\/wp\/v2\/posts\/35481\/revisions"}],"wp:attachment":[{"href":"https:\/\/linitiative.ca\/International\/wp-json\/wp\/v2\/media?parent=35481"}],"wp:term":[{"taxonomy":"category","embeddable":true,"href":"https:\/\/linitiative.ca\/International\/wp-json\/wp\/v2\/categories?post=35481"},{"taxonomy":"post_tag","embeddable":true,"href":"https:\/\/linitiative.ca\/International\/wp-json\/wp\/v2\/tags?post=35481"}],"curies":[{"name":"wp","href":"https:\/\/api.w.org\/{rel}","templated":true}]}}