{"id":35485,"date":"2019-05-20T09:32:00","date_gmt":"2019-05-20T13:32:00","guid":{"rendered":"https:\/\/linitiative.ca\/International\/une-nouvelle-oeuvre-de-azeddine-madani-dont-le-personnage-central-est-abou-zakaria-el-hafsi\/"},"modified":"2019-05-20T09:32:00","modified_gmt":"2019-05-20T13:32:00","slug":"une-nouvelle-oeuvre-de-azeddine-madani-dont-le-personnage-central-est-abou-zakaria-el-hafsi","status":"publish","type":"post","link":"https:\/\/linitiative.ca\/International\/une-nouvelle-oeuvre-de-azeddine-madani-dont-le-personnage-central-est-abou-zakaria-el-hafsi\/","title":{"rendered":"Une nouvelle oeuvre de Azeddine Madani dont le personnage central est Abou Zakaria El Hafsi"},"content":{"rendered":"<p>Dans le cadre de la c\u00e9l\u00e9bration de la manifestation \u00ab Tunis, capitale islamique \u00bb\u00a0 \u00ab Tunis, capitale islamique\u00a0 2019 \u00bb, le grand dramaturge tunisien, Azeddine Madani met la derni\u00e8re main \u00e0 une pi\u00e8ce th\u00e9\u00e2trale en actes dont le personnage central est Abou Zakaria El Hafsi. Il avait annonc\u00e9 en 1236 l\u2019affranchissement des hafsides de la tutelle des Almohades et s\u2019\u00e9tait autoproclam\u00e9\u00a0 ma\u00eetre d\u2019un Etat\u00a0 dont la capitale sera Tunis,frappera monnaie en son nom et fondera un empire qui s\u2019\u00e9tendra de Bougie \u00e0 l\u2019ouest \u00e0 Tripoli au sud et qui durera jusqu\u2019en 1574, date de l&rsquo;annexion de la Tunisie par l&rsquo;Empire ottoman.<br \/>Bien qu\u2019elle relate des faits historiques, la pi\u00e8ce fait allusion \u00e0 l\u2019actualit\u00e9 comme la violence, le terrorisme, la constitution de l\u2019Etat national \u00e0 travers l\u2019\u00e9vocation de la r\u00e9volte des Beni Ghania.\u00a0\u00a0<br \/>\u00a0<br \/>\u00a0<\/p>\n<p>Auteur:<br \/>\n<a href=\"https:\/\/www.leaders.com.tn\/article\/27142-une\">Cliquez ici pour lire l&rsquo;article depuis sa source.<\/a><\/p>\n","protected":false},"excerpt":{"rendered":"<p>Dans le cadre de la c\u00e9l\u00e9bration de la manifestation \u00ab Tunis, capitale islamique \u00bb\u00a0 \u00ab Tunis, capitale islamique\u00a0 2019 \u00bb, le grand dramaturge tunisien, Azeddine Madani met la derni\u00e8re main \u00e0 une pi\u00e8ce th\u00e9\u00e2trale en actes dont le personnage central est Abou Zakaria El Hafsi. Il avait annonc\u00e9 en 1236 l\u2019affranchissement des hafsides de la [&hellip;]<\/p>\n","protected":false},"author":1772,"featured_media":0,"comment_status":"closed","ping_status":"closed","sticky":false,"template":"","format":"standard","meta":{"fifu_image_url":"","fifu_image_alt":"","footnotes":""},"categories":[73,55],"tags":[],"class_list":["post-35485","post","type-post","status-publish","format-standard","hentry","category-actualite","category-tunisie"],"_links":{"self":[{"href":"https:\/\/linitiative.ca\/International\/wp-json\/wp\/v2\/posts\/35485","targetHints":{"allow":["GET"]}}],"collection":[{"href":"https:\/\/linitiative.ca\/International\/wp-json\/wp\/v2\/posts"}],"about":[{"href":"https:\/\/linitiative.ca\/International\/wp-json\/wp\/v2\/types\/post"}],"author":[{"embeddable":true,"href":"https:\/\/linitiative.ca\/International\/wp-json\/wp\/v2\/users\/1772"}],"replies":[{"embeddable":true,"href":"https:\/\/linitiative.ca\/International\/wp-json\/wp\/v2\/comments?post=35485"}],"version-history":[{"count":0,"href":"https:\/\/linitiative.ca\/International\/wp-json\/wp\/v2\/posts\/35485\/revisions"}],"wp:attachment":[{"href":"https:\/\/linitiative.ca\/International\/wp-json\/wp\/v2\/media?parent=35485"}],"wp:term":[{"taxonomy":"category","embeddable":true,"href":"https:\/\/linitiative.ca\/International\/wp-json\/wp\/v2\/categories?post=35485"},{"taxonomy":"post_tag","embeddable":true,"href":"https:\/\/linitiative.ca\/International\/wp-json\/wp\/v2\/tags?post=35485"}],"curies":[{"name":"wp","href":"https:\/\/api.w.org\/{rel}","templated":true}]}}