{"id":35486,"date":"2019-05-20T09:40:00","date_gmt":"2019-05-20T13:40:00","guid":{"rendered":"https:\/\/linitiative.ca\/International\/olivier-poivre-darvor-voici-loffre-globale-de-la-france-et-son-ambition-pour-la-tunisie-photos-video\/"},"modified":"2019-05-20T09:40:00","modified_gmt":"2019-05-20T13:40:00","slug":"olivier-poivre-darvor-voici-loffre-globale-de-la-france-et-son-ambition-pour-la-tunisie-photos-video","status":"publish","type":"post","link":"https:\/\/linitiative.ca\/International\/olivier-poivre-darvor-voici-loffre-globale-de-la-france-et-son-ambition-pour-la-tunisie-photos-video\/","title":{"rendered":"Olivier Poivre d\u2019Arvor : Voici l\u2019offre globale de la France et son ambition pour la Tunisie (Photos \/ Vid\u00e9o)"},"content":{"rendered":"<p><strong>\u00ab La Tunisie conna\u00eet aujourd\u2019hui une situation \u00ab d\u2019urgence \u00e9conomique \u00bb qui p\u00e8se sur la qualit\u00e9 de vie et les opportunit\u00e9s des citoyens tunisiens \u00bb, souligne l\u2019ambassadeur de France \u00e0 Tunis, Olivier Poivre d\u2019Arvor. \u00ab A ces urgences, il ne s\u2019agit pas de trouver des responsables, mais des r\u00e9ponses \u00bb, poursuit&#8211;il lors d\u2019une conf\u00e9rence de presse qu\u2019il a donn\u00e9e lundi \u00e0 l\u2019occasion du lancement d\u2019un groupe d\u2019impulsion pour le partenariat \u00e9conomique franco-tunisien. Apr\u00e8s avoir pass\u00e9 en revue divers volets de l\u2019aide publique fran\u00e7aise apport\u00e9e \u00e0 la Tunisie, il a affirm\u00e9 qu\u2019il faut \u00eatre \u00ab plus ambitieux ensemble \u00bb et \u00ab cependant faire davantage, changer de braquet, en se fixant des priorit\u00e9s. \u00bb T\u00e9l\u00e9charger le texte int\u00e9gral.<\/strong><\/p>\n<h2>Cinq secteurs prioritaires<\/h2>\n<p>\u00abLa France a identifi\u00e9 cinq secteurs prioritaires qui pr\u00e9sentent un fort potentiel de d\u00e9veloppement \u00e9conomique en Tunisie: le tourisme, les transports, la sant\u00e9, le num\u00e9rique et l\u2019\u00e9nergie, a d\u00e9taill\u00e9 l\u2019ambassadeur. S\u2019agissant du tourisme, il a d\u00e9clar\u00e9: \u00ab alors que les conditions s\u00e9curitaires, gr\u00e2ce aux efforts tunisiens que nous soutenons, se sont consid\u00e9rablement am\u00e9lior\u00e9es, nous visons l\u2019objectif d\u2019un million de visiteurs fran\u00e7ais en 2019. Il s\u2019agit d\u2019une strat\u00e9gie partag\u00e9e tr\u00e8s \u00e9troitement avec le ministre du Tourisme et de l\u2019Artisanat, M. Ren\u00e9 Trabelsi, bien connu pour sa d\u00e9termination et sa connaissance du march\u00e9 fran\u00e7ais. \u00bb Aussi, il a annonc\u00e9 qu\u2019apr\u00e8s les pr\u00e9sidents des r\u00e9gions d\u2019Ile de France, de Normandie et d\u2019Occitanie, c\u2019est celui de Provence C\u00f4te d\u2019Azur, Renaud Muselier, qui sera pr\u00e9sent en Tunisie cet \u00e9t\u00e9, notamment \u00e0 Kasserine.<\/p>\n<p>Evoquant le secteur du transport, l\u2019ambassadeur de France, a annonc\u00e9 \u00abune nouvelle subvention cons\u00e9quente d\u20191,5M\u20ac afin d\u2019appuyer le Minist\u00e8re du Transport et ses op\u00e9rateurs \u00e0 d\u00e9cliner plus efficacement sa politique de transports urbains\u00bb. Et de d\u00e9clarer, sans plus de d\u00e9tails, que la France est \u00ab \u00e9galement disponible pour agir en faveur du transport rural.\u00bb \u00abL\u2019AFD sera \u00e9galement pr\u00e9sente, ajoutera-t-il, tout comme de nombreuses entreprises fran\u00e7aises, pour accompagner le projet ambitieux, et indispensable, de m\u00e9tro l\u00e9ger de Sfax. Elle est enfin dispos\u00e9e, si l\u2019Etat tunisien le lui demande, \u00e0 s\u2019int\u00e9resser \u00e0 la question des infrastructures portuaires et du transport maritime lesquelles, en raison entre autres de leur \u00e9tat, ne r\u00e9pondent pas \u00e0 la demande \u00e9conomique. Je pense au port en eaux profondes d\u2019Enfidha comme aux extensions des quais de Rad\u00e8s.\u00bb<\/p>\n<h2>Sant\u00e9 : Faire de la Tunisie une Floride de l\u2019Afrique et de l\u2019Europe<\/h2>\n<p>Pour la sant\u00e9, une visite \u00e0 Tunis de la ministre fran\u00e7aise des Solidarit\u00e9s et de la Sant\u00e9, Agn\u00e8s Buzyn est programm\u00e9e en juillet prochain pour promouvoir la coop\u00e9ration bilat\u00e9rale. La construction de l\u2019h\u00f4pital de Gafsa exigeant \u00abn\u00e9cessairement du temps, un appui en r\u00e9ponse aux besoins les plus urgents\u00bb sera d\u00e9ploy\u00e9. Plus g\u00e9n\u00e9ralement, l\u2019ambassadeur de France se veut plus ambitieux pour la Tunisie: \u00abNous sommes pr\u00eats \u00e0 \u00e9tudier avec les autorit\u00e9s locales comment faire de la Tunisie une Floride de l\u2019Afrique et de l\u2019Europe, capable de traiter malades ou personnes \u00e2g\u00e9es.\u00bb<\/p>\n<h2>\u00ab\u00a0La Station T sera \u00ab <span class=\"c3\">lanc\u00e9e<\/span> \u00bb \u00e0 l\u2019automne\u00a0\u00bb: c&rsquo;est-\u00e0-dire?<\/h2>\n<p>Dans le domaine num\u00e9rique, l\u2019ambassadeur Poivre d\u2019Arvor annonce trois projets structurants qui verront le jour dans les prochaines semaines, \u00e0 savoir Elife (3 M\u20ac, pour des formations certifiantes de qualit\u00e9 tourn\u00e9es vers l\u2019emploi, sera inaugur\u00e9 le 3 juillet prochain \u00e0 Siliana), la \u00ab\u00a0Station T\u00a0\u00bb, (inspir\u00e9e de sera lanc\u00e9e \u00e0 l\u2019automne) et l\u2019appui \u00e0 un grand projet de formation de l\u2019ANETI centr\u00e9 sur les softs skills, pour 20 000 ch\u00f4meurs.<\/p>\n<p>Prudent, l\u2019ambassadeur de France n\u2019a pas voulu se hasarder sur la date effective de l\u2019implantation de la Station T, devant doter la Tunisie d&rsquo;une \u00e9cole du num\u00e9rique et d&rsquo;un incubateur. Annonc\u00e9e par le pr\u00e9sident Macron lors de sa visite \u00e0 Tunis les 31 janvier &#8211; 1er f\u00e9vrier 2018, et devant \u00eatre d\u00e9ploy\u00e9e dans un horizon d\u2019un an, elle conna\u00eet des reports successifs en attendant de disposer d\u2019un terrain appropri\u00e9 au centre-ville de Tunis et d\u2019accomplir certaines formalit\u00e9s.\u00a0<\/p>\n<h2>L\u2019AFD en plein sur la ligne<\/h2>\n<p>Au titre du secteur de l\u2019\u00e9nergie, l\u2019AFD finance ainsi aupr\u00e8s de la Soci\u00e9t\u00e9 tunisienne de l\u2019\u00e9lectricit\u00e9 et du gaz (STEG) la mise en place d\u2019un projet pilote de d\u00e9ploiement de 400 000 compteurs intelligents \u00e0 Sfax. Elle dispose aussi d\u2019une ligne de cr\u00e9dit via trois banques commerciales pour le financement de projets port\u00e9s par des PME\/PMI tunisiennes dans les \u00e9nergies renouvelables et l\u2019efficacit\u00e9 \u00e9nerg\u00e9tique. L\u2019AFD souhaite \u00e9galement participer au financement par la STEG de la centrale \u00e9olienne de Tbaga ainsi qu\u2019\u00e0 celui de la centrale \u00e0 pompage-turbinage de Oued el Melah.<\/p>\n<h2>L\u2019universit\u00e9 franco-tunisienne d\u00e9marrera \u00e0 la rentr\u00e9e prochaine \u00e0 Bir El Bey<\/h2>\n<p>\u00ab Notre r\u00e9flexion doit \u00e9galement nous permettre de d\u00e9passer les cadres habituels, estime l\u2019ambassadeur Poivre d\u2019Arvor : notre premier horizon partag\u00e9 demeure la M\u00e9diterran\u00e9e. Au travers des \u00e9changes que nous organisons ensemble, de l\u2019accueil par Tunis d\u2019un sommet de 100 personnalit\u00e9s de la soci\u00e9t\u00e9 civile, les 11 et 12 juin prochains, puis par Marseille du Sommet des deux rives, le 24 juin, nous identifierons les grands projets mobilisateurs de demain, ceux qui permettront de donner chair \u00e0 cet espace commun. Une fois retenus par les chefs d\u2019Etat et de Gouvernement pr\u00e9sents \u00e0 Marseille, ils feront l\u2019objet de financements sp\u00e9cifiques de la part de la communaut\u00e9 internationale.\u00bb<\/p>\n<p>Par ailleurs, il a annonc\u00e9 que l&rsquo;Universit\u00e9 franco-tunisienne pour l&rsquo;Afrique et la M\u00e9diterran\u00e9e (U.F.T.A.M.) s\u2019ouvrira d\u00e8s la rentr\u00e9e 2019 et accueillera \u00e0 Bir el Bey des \u00e9tudiants en licence et master, dont le point commun est leur caract\u00e8re professionnalisant. L\u00e0 encore, il s\u2019agit de produire une offre commune \u00e0 destination de l\u2019Afrique, de la M\u00e9diterran\u00e9e et de l\u2019Europe r\u00e9unies.<\/p>\n<p class=\"c2\"><iframe loading=\"lazy\" src=\"https:\/\/www.youtube.com\/embed\/ABEP1VgPhyY\" allow=\"accelerometer; autoplay; encrypted-media; gyroscope; picture-in-picture\" allowfullscreen=\"\" width=\"560\" height=\"315\" frameborder=\"0\">[embedded content]<\/iframe><\/p>\n<h2>Un groupe d&rsquo;impulsion pour bousculer, provoquer et r\u00e9seauter<\/h2>\n<p>L\u2019id\u00e9e de cr\u00e9er un groupe d\u2019impulsion avait \u00e9t\u00e9 avanc\u00e9e par Jean-Yves Le Drian, ministre de l\u2019Europe et des Affaires \u00e9trang\u00e8res, lors d\u2019une visite \u00e0 Tunis. Ce groupe entend s\u2019appuyer sur ceux qui feront que l\u2019\u00e9conomie tunisienne conna\u00eetra un renouveau de sa croissance, mais aussi de ses mod\u00e8les de d\u00e9veloppement : les entreprises, les investisseurs, les innovateurs, expliquera l\u2019\u2019ambassadeur de France. Les acteurs, au centre de notre relation \u00e9conomique, ce sont bien les entreprises, qu\u2019il s\u2019agisse de gros sites industriels, de PME, d\u2019entreprises familiales. Ce Groupe d\u2019impulsion aura pour vocation de nous provoquer, de nous bousculer, de nous soumettre avis et initiatives. Outil de mise en r\u00e9seau, il sera essentiel pour impulser des id\u00e9es et lancer de nouveaux projets notamment dans des secteurs innovants pr\u00e9sentant un fort potentiel de d\u00e9veloppement \u00e9conomique tels que le num\u00e9rique et l&rsquo;\u00e9conomie bleue. Pour nous encourager \u00e0 accompagner des PPP. Pour nous engager, par exemple, \u00e0 accompagner la d\u00e9pollution du golfe de Gab\u00e8s.<\/p>\n<p>Qui sont les membres du Ggroupe d&rsquo;Impulsion<\/p>\n<div>\n<ul>\n<li>ABDELKEFI Fadhel, Pr\u00e9sident du Conseil d\u2019Administration, Tunisie Valeurs ; ancien Ministre du D\u00e9veloppement, de l&rsquo;Investissement et de la Coop\u00e9ration internationale et ancien Ministre des Finances<\/li>\n<li>AOUDI Houssem, Cofondateur, Cogite<\/li>\n<li>AYED Jaloul, Pr\u00e9sident Fondateur, Vega ; ancien Ministre des Finances\u00a0<\/li>\n<li>BENZINA Neila, CEO, Wimbee<\/li>\n<li>BERNARD-MANUSSET ALLANT Ombeline, Directrice pays, Vovalcom\u00a0 \u00a0 \u00a0<\/li>\n<li>BOULKOUT Mounir, Directeur G\u00e9n\u00e9ral, Selt Marine<\/li>\n<li>BOUREGHDA Maya, Avocate aux barreaux de Paris et de Tunis, Cofondatrice de JurisMed<\/li>\n<li>ELLOUMI Hichem, Pr\u00e9sident Directeur G\u00e9n\u00e9ral, Coficab (Groupe Elloumi)\u00a0 \u00a0 \u00a0 \u00a0 \u00a0 \u00a0<\/li>\n<li>FRIKHA Mohamed, Directeur G\u00e9n\u00e9ral, Telnet<\/li>\n<li>GARGOURI Ch\u00e9ma, Pr\u00e9sident de la Tunisian Association for Management and Social Stability (TAMSS)<\/li>\n<li>HABIB Karaouli, Pr\u00e9sident Directeur G\u00e9n\u00e9ral, Cap Bank<\/li>\n<li>HAMDI Najla Cherif, Pr\u00e9sidente, Sanofi Tunisie\u00a0<\/li>\n<li>HIRSCH Martin, Directeur, Assistance Publique-H\u00f4pitaux de Paris (APHP)<\/li>\n<li>INZERILLO Jino, Directeur du d\u00e9veloppement commercial, Bansard<\/li>\n<li>KILANI Lassaad, Directeur G\u00e9n\u00e9ral et propri\u00e9taire, Groupe Kilani<\/li>\n<li>LAOUITI Khaled, Directrice G\u00e9n\u00e9rale, Pierre Fabre Tunisie<\/li>\n<li>MEBAREK Aziz, Cofondateur, AfricInvest<\/li>\n<li>MEDDEB Raddhi, Pr\u00e9sident Directeur G\u00e9n\u00e9ral, Com\u00e8te<\/li>\n<li>MIGUET Claude, Pr\u00e9sident Directeur G\u00e9n\u00e9ral, CMR Tunisia Ship Repairs<\/li>\n<li>OUALI Baddredine, Pr\u00e9sident, Vermeg<\/li>\n<li>OUERFELLI Nidhal, Directeur, Commissariat \u00e0 l\u2019\u00e9nergie atomique et aux \u00e9nergies alternatives (CEA)<\/li>\n<li>RATLE Alexandre, Directeur G\u00e9n\u00e9ral, El Moussem Agricole<\/li>\n<li>ZEGHAL Slim, Directeur G\u00e9n\u00e9ral, Altea Packaging<\/li>\n<li>ZHAKUPOV Mansur, Directeur G\u00e9n\u00e9ral, Total Tunisie<\/li>\n<li>ZOUARI Abderrazak, Professeur des Universit\u00e9s ; ancien Ministre du D\u00e9veloppement R\u00e9gional et Local\u00a0 \u00a0 \u00a0 \u00a0 \u00a0 \u00a0<\/li>\n<li>ZRIBI Khaled, ALPHAMENA.<\/li>\n<\/ul>\n<\/div>\n<p><span class=\"c4\"><strong>Lire aussi<\/strong><\/span><\/p>\n<p>Auteur:<br \/>\n<a href=\"https:\/\/www.leaders.com.tn\/article\/27143-olivier-poivre-d-arvor-voici-l-offre-globale-de-la-france-et-son-ambition-pour-la-tunisie\">Cliquez ici pour lire l&rsquo;article depuis sa source.<\/a><\/p>\n","protected":false},"excerpt":{"rendered":"<p>\u00ab La Tunisie conna\u00eet aujourd\u2019hui une situation \u00ab d\u2019urgence \u00e9conomique \u00bb qui p\u00e8se sur la qualit\u00e9 de vie et les opportunit\u00e9s des citoyens tunisiens \u00bb, souligne l\u2019ambassadeur de France \u00e0 Tunis, Olivier Poivre d\u2019Arvor. \u00ab A ces urgences, il ne s\u2019agit pas de trouver des responsables, mais des r\u00e9ponses \u00bb, poursuit&#8211;il lors d\u2019une conf\u00e9rence de [&hellip;]<\/p>\n","protected":false},"author":1772,"featured_media":0,"comment_status":"closed","ping_status":"closed","sticky":false,"template":"","format":"standard","meta":{"fifu_image_url":"","fifu_image_alt":"","footnotes":""},"categories":[73,55],"tags":[],"class_list":["post-35486","post","type-post","status-publish","format-standard","hentry","category-actualite","category-tunisie"],"_links":{"self":[{"href":"https:\/\/linitiative.ca\/International\/wp-json\/wp\/v2\/posts\/35486","targetHints":{"allow":["GET"]}}],"collection":[{"href":"https:\/\/linitiative.ca\/International\/wp-json\/wp\/v2\/posts"}],"about":[{"href":"https:\/\/linitiative.ca\/International\/wp-json\/wp\/v2\/types\/post"}],"author":[{"embeddable":true,"href":"https:\/\/linitiative.ca\/International\/wp-json\/wp\/v2\/users\/1772"}],"replies":[{"embeddable":true,"href":"https:\/\/linitiative.ca\/International\/wp-json\/wp\/v2\/comments?post=35486"}],"version-history":[{"count":0,"href":"https:\/\/linitiative.ca\/International\/wp-json\/wp\/v2\/posts\/35486\/revisions"}],"wp:attachment":[{"href":"https:\/\/linitiative.ca\/International\/wp-json\/wp\/v2\/media?parent=35486"}],"wp:term":[{"taxonomy":"category","embeddable":true,"href":"https:\/\/linitiative.ca\/International\/wp-json\/wp\/v2\/categories?post=35486"},{"taxonomy":"post_tag","embeddable":true,"href":"https:\/\/linitiative.ca\/International\/wp-json\/wp\/v2\/tags?post=35486"}],"curies":[{"name":"wp","href":"https:\/\/api.w.org\/{rel}","templated":true}]}}