{"id":35487,"date":"2019-05-20T09:51:00","date_gmt":"2019-05-20T13:51:00","guid":{"rendered":"https:\/\/linitiative.ca\/International\/la-tunisie-est-dans-lurgence-economique-lanalyse-de-lambassadeur-de-france-olivier-poivre-darvor-photos-video\/"},"modified":"2019-05-20T09:51:00","modified_gmt":"2019-05-20T13:51:00","slug":"la-tunisie-est-dans-lurgence-economique-lanalyse-de-lambassadeur-de-france-olivier-poivre-darvor-photos-video","status":"publish","type":"post","link":"https:\/\/linitiative.ca\/International\/la-tunisie-est-dans-lurgence-economique-lanalyse-de-lambassadeur-de-france-olivier-poivre-darvor-photos-video\/","title":{"rendered":"\u00abLa Tunisie est dans l\u2019urgence \u00e9conomique\u00bb: l\u2019analyse de l\u2019ambassadeur de France, Olivier Poivre d\u2019Arvor (Photos\/Vid\u00e9o)"},"content":{"rendered":"<p><span class=\"c2\">C\u2019est un texte qu\u2019il n\u2019a cess\u00e9 de travailler lui-m\u00eame et remettre tant de fois sur le m\u00e9tier. L\u2019ambassadeur de France \u00e0 Tunis, Olivier Poivre d\u2019Arvor, voulait en faire le socle conceptuel de \u00abl\u2019offre globale\u00bb de son pays et de son \u00abambition pour la Tunisie\u00bb. Un argumentaire bien articul\u00e9 qu\u2019il d\u00e9roulera en pr\u00e9ambule de sa conf\u00e9rence de presse, lundi, lors de la mise en place d\u2019un \u00abgroupe d\u2019impulsion pour le partenariat \u00e9conomique franco-tunisien. Extraits<\/span><\/p>\n<p>\u00a0\u00bbDepuis 2011, la situation \u00e9conomique de la Tunisie est difficile. Ebranl\u00e9e par le changement politique, l\u2019effondrement libyen comme par la menace s\u00e9curitaire, cette situation est aujourd\u2019hui critique. Le mod\u00e8le \u00e9conomique, celui d\u2019une \u00e9conomie administr\u00e9e, n\u2019a gu\u00e8re \u00e9volu\u00e9 depuis les ann\u00e9es 60. L\u2019essoufflement date certes d\u2019il y a plus de dix ans mais le secteur productif est d\u00e9sormais frapp\u00e9 de plein fouet, amor\u00e7ant une d\u00e9sindustrialisation inqui\u00e9tante. Malgr\u00e9 les efforts de ses gouvernements successifs, malgr\u00e9 la bienveillance de ses amis, malgr\u00e9 le soutien dont la Tunisie d\u00e9mocratique b\u00e9n\u00e9ficie depuis la R\u00e9volution, cette nouvelle donne politique n\u2019a pas permis, douloureux constat, aux Tunisiens de mieux vivre \u00e9conomiquement. La Tunisie conna\u00eet aujourd\u2019hui une situation \u00ab d\u2019urgence \u00e9conomique \u00bb qui p\u00e8se sur la qualit\u00e9 de vie et les opportunit\u00e9s des citoyens tunisiens.<\/p>\n<p>Cette urgence est d\u2019abord celle du quotidien et du pouvoir d\u2019achat. L\u2019urgence insupportable de la chert\u00e9 de la vie. C\u2019est l\u2019urgence des m\u00e9nages et des familles les plus modestes pour qui le co\u00fbt du panier de la m\u00e9nag\u00e8re est une violence quotidienne. C\u2019est l\u2019urgence absolue de la jeunesse, notamment dipl\u00f4m\u00e9e, qui ne parvient pas \u00e0 sortir d\u2019un ch\u00f4mage de masse et durable. C\u2019est aussi l\u2019urgence des territoires, du d\u00e9veloppement de ce que l\u2019on appelle les r\u00e9gions de l\u2019int\u00e9rieur, mais aussi des p\u00e9riph\u00e9ries des grandes villes. C\u2019est l\u2019urgence d\u2019un Etat affaibli et qui g\u00e8re d\u00e9sormais dans la douleur, c\u2019est l\u2019urgence d\u2019institutions fragiles, de secteurs sociaux comme l\u2019\u00e9ducation et la sant\u00e9 o\u00f9 la qualit\u00e9 de service baisse. C\u2019est l\u2019urgence des entreprises publiques, aujourd\u2019hui d\u00e9ficitaires et qui peinent \u00e0 fournir les services qui permettent aux entreprises comme aux individus de se d\u00e9velopper. C\u2019est l\u2019urgence des entreprises priv\u00e9es, d\u2019une pression fiscale tr\u00e8s importante et d\u2019un climat d\u2019affaires peu dynamique.\u00a0<\/p>\n<p>C\u2019est bien entendu une urgence que l\u2019\u00e9conomie parall\u00e8le, estim\u00e9e \u00e0 50% du PNB, entretient, une urgence sur lesquels la situation r\u00e9gionale actuelle et le populisme en vigueur partout dans le monde p\u00e8sent n\u00e9gativement. C\u2019est, pour r\u00e9sumer, l\u2019urgence d\u2019un mal \u00eatre social des citoyens, d\u2019un sentiment de d\u00e9classement \u00e9conomique, d\u2019une performance tr\u00e8s amoindrie et d\u2019investissements en panne<\/p>\n<p>Personne ne conteste la r\u00e9elle fragilit\u00e9 de la situation \u00e9conomique tunisienne, \u00e0 commencer par sa faible croissance. Bien au-del\u00e0 des d\u00e9bats politiques propres \u00e0 chaque d\u00e9mocratie, 2020, c\u2019est \u00e0 dire demain, 2020 sera difficile. Qu\u2019il s\u2019agisse de la masse salariale ou du remboursement de la dette, les charges risquent de cro\u00eetre. Une dette publique tunisienne \u00e0 80% du PIB, voire plus, est \u00e0 pr\u00e9voir d\u00e8s 2019. Le secteur bancaire est, on le sait, fragile. Le secr\u00e9taire g\u00e9n\u00e9ral de l\u2019UGTT, Nouredinne Taboubi vient de le rappeler lors du congr\u00e8s de la F\u00e9d\u00e9ration des banques et des \u00e9tablissements financiers en affirmant qu\u2019il faut faire en sorte que l\u2019\u00e9conomie informelle int\u00e8gre l\u2019\u00e9conomie formelle, pour pallier le manque de liquidit\u00e9 financi\u00e8re et lutter efficacement contre la contrebande. Des r\u00e9formes \u00abtunisiennes\u00bb, profondes, s\u2019imposent d\u00e8s lors que la Tunisie souhaite, \u00e0 juste titre, ne pas avoir \u00e0 appliquer durablement celles recommand\u00e9es par l\u2019ext\u00e9rieur, je pense notamment au FMI.<\/p>\n<p class=\"c3\"><iframe loading=\"lazy\" src=\"https:\/\/www.youtube.com\/embed\/ABEP1VgPhyY\" allow=\"accelerometer; autoplay; encrypted-media; gyroscope; picture-in-picture\" allowfullscreen=\"\" width=\"560\" height=\"315\" frameborder=\"0\">[embedded content]<\/iframe><\/p>\n<p>Ces urgences, j\u2019ai pu \u00e9galement en prendre conscience par le travail r\u00e9alis\u00e9 par la soci\u00e9t\u00e9 civile tunisienne, je pense au FTDES, \u00e0 l\u2019IACE mais aussi gr\u00e2ce \u00e0 des organismes publics comme le Conseil d\u2019analyses \u00e9conomiques, la Caisse des d\u00e9p\u00f4ts et consignations, booster de l\u2019investissement. J\u2019ai \u00e9galement pu mesurer ces urgences sur le terrain, lors de ces nombreux d\u00e9placements que je tiens \u00e0 effectuer \u00e0 la rencontre de la diversit\u00e9 tunisienne (\u00e9lus, responsables \u00e9conomiques, syndicalistes, universitaires, artistes\u2026) pour comprendre, \u00e9couter, et me permettre d\u2019orienter au mieux l\u2019action de l\u2019Ambassade.\u00a0<\/p>\n<p>A ces urgences, il ne s\u2019agit pas de trouver des responsables, mais des r\u00e9ponses.\u00a0\u00bb<\/p>\n<p><strong>Lire aussi :<\/strong><\/p>\n<p>Auteur:<br \/>\n<a href=\"https:\/\/www.leaders.com.tn\/article\/27144-la-tunisie-est-dans-l-urgence-economique-l-analyse-de-l-ambassadeur-de-france-olivier-poivre-d-arvor\">Cliquez ici pour lire l&rsquo;article depuis sa source.<\/a><\/p>\n","protected":false},"excerpt":{"rendered":"<p>C\u2019est un texte qu\u2019il n\u2019a cess\u00e9 de travailler lui-m\u00eame et remettre tant de fois sur le m\u00e9tier. L\u2019ambassadeur de France \u00e0 Tunis, Olivier Poivre d\u2019Arvor, voulait en faire le socle conceptuel de \u00abl\u2019offre globale\u00bb de son pays et de son \u00abambition pour la Tunisie\u00bb. Un argumentaire bien articul\u00e9 qu\u2019il d\u00e9roulera en pr\u00e9ambule de sa conf\u00e9rence [&hellip;]<\/p>\n","protected":false},"author":1772,"featured_media":0,"comment_status":"closed","ping_status":"closed","sticky":false,"template":"","format":"standard","meta":{"fifu_image_url":"","fifu_image_alt":"","footnotes":""},"categories":[73,55],"tags":[],"class_list":["post-35487","post","type-post","status-publish","format-standard","hentry","category-actualite","category-tunisie"],"_links":{"self":[{"href":"https:\/\/linitiative.ca\/International\/wp-json\/wp\/v2\/posts\/35487","targetHints":{"allow":["GET"]}}],"collection":[{"href":"https:\/\/linitiative.ca\/International\/wp-json\/wp\/v2\/posts"}],"about":[{"href":"https:\/\/linitiative.ca\/International\/wp-json\/wp\/v2\/types\/post"}],"author":[{"embeddable":true,"href":"https:\/\/linitiative.ca\/International\/wp-json\/wp\/v2\/users\/1772"}],"replies":[{"embeddable":true,"href":"https:\/\/linitiative.ca\/International\/wp-json\/wp\/v2\/comments?post=35487"}],"version-history":[{"count":0,"href":"https:\/\/linitiative.ca\/International\/wp-json\/wp\/v2\/posts\/35487\/revisions"}],"wp:attachment":[{"href":"https:\/\/linitiative.ca\/International\/wp-json\/wp\/v2\/media?parent=35487"}],"wp:term":[{"taxonomy":"category","embeddable":true,"href":"https:\/\/linitiative.ca\/International\/wp-json\/wp\/v2\/categories?post=35487"},{"taxonomy":"post_tag","embeddable":true,"href":"https:\/\/linitiative.ca\/International\/wp-json\/wp\/v2\/tags?post=35487"}],"curies":[{"name":"wp","href":"https:\/\/api.w.org\/{rel}","templated":true}]}}