{"id":35488,"date":"2019-05-20T10:29:00","date_gmt":"2019-05-20T14:29:00","guid":{"rendered":"https:\/\/linitiative.ca\/International\/le-chef-de-letat-au-sommet-islamique-et-au-sommet-arabe-extraordinaire-fin-mai\/"},"modified":"2019-05-20T10:29:00","modified_gmt":"2019-05-20T14:29:00","slug":"le-chef-de-letat-au-sommet-islamique-et-au-sommet-arabe-extraordinaire-fin-mai","status":"publish","type":"post","link":"https:\/\/linitiative.ca\/International\/le-chef-de-letat-au-sommet-islamique-et-au-sommet-arabe-extraordinaire-fin-mai\/","title":{"rendered":"Le chef de l&rsquo;Etat au Sommet islamique et au Sommet arabe extraordinaire fin mai"},"content":{"rendered":"<p>Le pr\u00e9sident de la R\u00e9publique\u00a0 participera aux travaux du Sommet islamique de l&rsquo;Organisation de la Coop\u00e9ration Islamique (OCI), le 31 mai courant. Il prendra \u00e9galement\u00a0 part, le 30 du m\u00eame mois, au sommet arabe extraordinaire qui aura lieu \u00e0 la Mecque, \u00e0 l&rsquo;invitation du serviteur des deux Saintes Mosqu\u00e9es, le roi Salmane Ben Abdelaziz.<br \/>C\u2019est ce qu\u2019a annonc\u00e9 le ministre des Affaires \u00e9trang\u00e8res ce lundi apr\u00e8s avoir \u00e9t\u00e9 re\u00e7u par le pr\u00e9sident Ca\u00efd Essebsi. Lors de cette audience, il a \u00e9t\u00e9 question des r\u00e9sultats de la 15e session du Conseil d&rsquo;Association entre la Tunisie et l&rsquo;Union europ\u00e9enne, tenu le 17 mai \u00e0 Bruxelles et des rencontres qui ont eu lieu avec de hauts responsables europ\u00e9ens.<br \/>Le ministre a annonc\u00e9 qu&rsquo;un accord de financement europ\u00e9en d&rsquo;un programme d&rsquo;int\u00e9gration \u00e9conomique, sociale et politique des jeunes, d&rsquo;une valeur de 60 millions d&rsquo;euros a \u00e9t\u00e9 sign\u00e9 avec la Tunisie. Le projet s&rsquo;inscrit dans le cadre de l&rsquo;activation de l&rsquo;initiative de partenariat au profit de la jeunesse lanc\u00e9 en d\u00e9cembre 2016 \u00e0 l&rsquo;occasion de la visite du chef de l&rsquo;Etat \u00e0 Bruxelles pour participer au premier sommet Tunisie-UE.<\/p>\n<p>Auteur:<br \/>\n<a href=\"https:\/\/www.leaders.com.tn\/article\/27145-le-ched-de-l-etat-prendra-part-fin-mai-au-sommet-islamique-et-au-sommet-arabe-extraordinaire\">Cliquez ici pour lire l&rsquo;article depuis sa source.<\/a><\/p>\n","protected":false},"excerpt":{"rendered":"<p>Le pr\u00e9sident de la R\u00e9publique\u00a0 participera aux travaux du Sommet islamique de l&rsquo;Organisation de la Coop\u00e9ration Islamique (OCI), le 31 mai courant. Il prendra \u00e9galement\u00a0 part, le 30 du m\u00eame mois, au sommet arabe extraordinaire qui aura lieu \u00e0 la Mecque, \u00e0 l&rsquo;invitation du serviteur des deux Saintes Mosqu\u00e9es, le roi Salmane Ben Abdelaziz.C\u2019est ce [&hellip;]<\/p>\n","protected":false},"author":1772,"featured_media":0,"comment_status":"closed","ping_status":"closed","sticky":false,"template":"","format":"standard","meta":{"fifu_image_url":"","fifu_image_alt":"","footnotes":""},"categories":[73,55],"tags":[],"class_list":["post-35488","post","type-post","status-publish","format-standard","hentry","category-actualite","category-tunisie"],"_links":{"self":[{"href":"https:\/\/linitiative.ca\/International\/wp-json\/wp\/v2\/posts\/35488","targetHints":{"allow":["GET"]}}],"collection":[{"href":"https:\/\/linitiative.ca\/International\/wp-json\/wp\/v2\/posts"}],"about":[{"href":"https:\/\/linitiative.ca\/International\/wp-json\/wp\/v2\/types\/post"}],"author":[{"embeddable":true,"href":"https:\/\/linitiative.ca\/International\/wp-json\/wp\/v2\/users\/1772"}],"replies":[{"embeddable":true,"href":"https:\/\/linitiative.ca\/International\/wp-json\/wp\/v2\/comments?post=35488"}],"version-history":[{"count":0,"href":"https:\/\/linitiative.ca\/International\/wp-json\/wp\/v2\/posts\/35488\/revisions"}],"wp:attachment":[{"href":"https:\/\/linitiative.ca\/International\/wp-json\/wp\/v2\/media?parent=35488"}],"wp:term":[{"taxonomy":"category","embeddable":true,"href":"https:\/\/linitiative.ca\/International\/wp-json\/wp\/v2\/categories?post=35488"},{"taxonomy":"post_tag","embeddable":true,"href":"https:\/\/linitiative.ca\/International\/wp-json\/wp\/v2\/tags?post=35488"}],"curies":[{"name":"wp","href":"https:\/\/api.w.org\/{rel}","templated":true}]}}