{"id":35490,"date":"2019-05-20T06:00:00","date_gmt":"2019-05-20T10:00:00","guid":{"rendered":"https:\/\/linitiative.ca\/International\/le-coeur-et-la-raison\/"},"modified":"2019-05-20T06:00:00","modified_gmt":"2019-05-20T10:00:00","slug":"le-coeur-et-la-raison","status":"publish","type":"post","link":"https:\/\/linitiative.ca\/International\/le-coeur-et-la-raison\/","title":{"rendered":"Le c\u0153ur et la raison"},"content":{"rendered":"<p>Tr\u00e8s enseignante la d\u00e9finition du jeune Muhieddine Ibn Arabi sur les voies de la foi et de la v\u00e9rit\u00e9, dans le feuilleton Maqamat El Ichq, diffus\u00e9 chaque soir depuis le d\u00e9but de ramadhan \u00e0 la T\u00e9l\u00e9vision alg\u00e9rienne !\u00a0<\/p>\n<p>Plus enseignant encore est le dialogue entre son p\u00e8re, Ali, et le philosophe Ibn Rochd sur la raison, la logique, l\u2019affection (el a\u00e2tifa) et la foi, ainsi que l\u2019influence de l\u2019une sur l\u2019autre.\u00a0 A un certain moment, l\u2019un fait remarquer \u00e0 l\u2019autre que chacun des adeptes de l\u2019une des trois religions monoth\u00e9istes est convaincu qu\u2019il est dans la v\u00e9rit\u00e9 et que les deux autres ne le sont pas. \u00abNous avons donc affaire \u00e0 trois v\u00e9rit\u00e9s, alors que la v\u00e9rit\u00e9 absolue n\u2019est qu\u2019une\u00bb, fait-il remarquer. Une belle le\u00e7on de tol\u00e9rance !<br \/>K. B.<br \/>bakoukader@yahoo.fr<\/p>\n<p>Auteur:<br \/>\n<a href=\"https:\/\/www.lesoirdalgerie.com\/culture\/le-coeur-et-la-raison-24125\">Cliquez ici pour lire l&rsquo;article depuis sa source.<\/a><\/p>\n","protected":false},"excerpt":{"rendered":"<p>Tr\u00e8s enseignante la d\u00e9finition du jeune Muhieddine Ibn Arabi sur les voies de la foi et de la v\u00e9rit\u00e9, dans le feuilleton Maqamat El Ichq, diffus\u00e9 chaque soir depuis le d\u00e9but de ramadhan \u00e0 la T\u00e9l\u00e9vision alg\u00e9rienne !\u00a0 Plus enseignant encore est le dialogue entre son p\u00e8re, Ali, et le philosophe Ibn Rochd sur la [&hellip;]<\/p>\n","protected":false},"author":1741,"featured_media":0,"comment_status":"closed","ping_status":"closed","sticky":false,"template":"","format":"standard","meta":{"fifu_image_url":"","fifu_image_alt":"","footnotes":""},"categories":[73,53],"tags":[],"class_list":["post-35490","post","type-post","status-publish","format-standard","hentry","category-actualite","category-algerie"],"_links":{"self":[{"href":"https:\/\/linitiative.ca\/International\/wp-json\/wp\/v2\/posts\/35490","targetHints":{"allow":["GET"]}}],"collection":[{"href":"https:\/\/linitiative.ca\/International\/wp-json\/wp\/v2\/posts"}],"about":[{"href":"https:\/\/linitiative.ca\/International\/wp-json\/wp\/v2\/types\/post"}],"author":[{"embeddable":true,"href":"https:\/\/linitiative.ca\/International\/wp-json\/wp\/v2\/users\/1741"}],"replies":[{"embeddable":true,"href":"https:\/\/linitiative.ca\/International\/wp-json\/wp\/v2\/comments?post=35490"}],"version-history":[{"count":0,"href":"https:\/\/linitiative.ca\/International\/wp-json\/wp\/v2\/posts\/35490\/revisions"}],"wp:attachment":[{"href":"https:\/\/linitiative.ca\/International\/wp-json\/wp\/v2\/media?parent=35490"}],"wp:term":[{"taxonomy":"category","embeddable":true,"href":"https:\/\/linitiative.ca\/International\/wp-json\/wp\/v2\/categories?post=35490"},{"taxonomy":"post_tag","embeddable":true,"href":"https:\/\/linitiative.ca\/International\/wp-json\/wp\/v2\/tags?post=35490"}],"curies":[{"name":"wp","href":"https:\/\/api.w.org\/{rel}","templated":true}]}}