{"id":35502,"date":"2019-05-20T08:31:06","date_gmt":"2019-05-20T12:31:06","guid":{"rendered":"https:\/\/linitiative.ca\/International\/prix-du-carburant-le-gouvernement-sactive\/"},"modified":"2019-05-20T08:31:06","modified_gmt":"2019-05-20T12:31:06","slug":"prix-du-carburant-le-gouvernement-sactive","status":"publish","type":"post","link":"https:\/\/linitiative.ca\/International\/prix-du-carburant-le-gouvernement-sactive\/","title":{"rendered":"Prix du carburant : le gouvernement s\u2019active"},"content":{"rendered":"<p>Le gouvernement El Otmani anticipe une hausse \u00e9ventuelle des prix du p\u00e9trole dans le monde. Dans le m\u00eame temps, les professionnels observent souhaitant que le gouvernement ne revienne pas sur sa d\u00e9cision de lib\u00e9ralisation du secteur act\u00e9e en 2015.<\/p>\n<div class=\"c10\"\/>\n<p>L\u2019ex\u00e9cutif pr\u00e9voit d\u2019introduire des amendements sur la structure des prix du carburant. Objectif\u00a0: permettre \u00e0 la d\u00e9cision de plafonnement d\u2019avoir un impact sur le prix final auquel le citoyen s\u2019approvisionnera aux stations-services, rapporte le quotidien Al Massae.<\/p>\n<p>Lire aussi : <a href=\"https:\/\/www.challenge.ma\/carburants-tirs-croises-entre-daoudi-et-guerraoui-104959\/\" target=\"_blank\" rel=\"noopener noreferrer\">Carburants : tirs crois\u00e9s entre Daoudi et Guerraoui<\/a><\/p>\n<p>Cette d\u00e9cision, qui vise \u00e0 contr\u00f4ler le <a href=\"https:\/\/fr.globalpetrolprices.com\/Morocco\/diesel_prices\/\" target=\"_blank\" rel=\"noopener noreferrer\">prix du carburant au Maroc<\/a>, intervient apr\u00e8s que le gouvernement soit convaincu que les entreprises p\u00e9troli\u00e8res ne signeront aucun accord concernant le plafonnement de leurs b\u00e9n\u00e9fices, ce dernier \u00e9tant par ailleurs sans effet dans l\u2019absence de mesures parall\u00e8les.<\/p>\n<p>Face \u00e0 la mont\u00e9e des prix du p\u00e9trole, le gouvernement pourrait recourir au \u00ab\u00a0hedging\u00a0\u00bb sur les produits p\u00e9troliers, une sorte de couverture des pertes, entres mesures, dont le contr\u00f4le des b\u00e9n\u00e9fices et des amendements sur la structure des prix. Celle-ce se pr\u00e9sente en deux volets : fixe et variable. Le premier concerne la TIC (taxe int\u00e9rieure de consommation) et la TVA (taxe sur la valeur ajout\u00e9e), qui repr\u00e9sente 34% du prix de vente du gasoil et 43% du prix de vente de l\u2019essence. La partie variable concerne, quant \u00e0 elle, le prix du p\u00e9trole dans le monde et les frais relatifs \u00e0 son import et sa distribution. Le gouvernement pr\u00e9voit par ailleurs de mettre fin \u00e0 la situation de monopole en mati\u00e8re de stockage.<\/p>\n<div class=\"c17\">\n<fieldset class=\"c16\">\n<legend><strong><span class=\"c11\">Challenge<\/span><span class=\"c12\">news<\/span><\/strong><\/legend>\n<div class=\"c15\">Le meilleur de la r\u00e9daction s\u00e9lectionn\u00e9 par Challenge :<\/p>\n<\/div>\n<\/fieldset>\n<\/div>\n<p>Auteur: Hassan Manyani<br \/>\n<a href=\"https:\/\/www.challenge.ma\/prix-du-carburant-le-gouvernement-sactive-109317\/\">Cliquez ici pour lire l&rsquo;article depuis sa source.<\/a><\/p>\n","protected":false},"excerpt":{"rendered":"<p>Le gouvernement El Otmani anticipe une hausse \u00e9ventuelle des prix du p\u00e9trole dans le monde. Dans le m\u00eame temps, les professionnels observent souhaitant que le gouvernement ne revienne pas sur sa d\u00e9cision de lib\u00e9ralisation du secteur act\u00e9e en 2015. L\u2019ex\u00e9cutif pr\u00e9voit d\u2019introduire des amendements sur la structure des prix du carburant. Objectif\u00a0: permettre \u00e0 la [&hellip;]<\/p>\n","protected":false},"author":1787,"featured_media":0,"comment_status":"closed","ping_status":"closed","sticky":false,"template":"","format":"standard","meta":{"fifu_image_url":"","fifu_image_alt":"","footnotes":""},"categories":[78,54],"tags":[],"class_list":["post-35502","post","type-post","status-publish","format-standard","hentry","category-economie","category-maroc"],"_links":{"self":[{"href":"https:\/\/linitiative.ca\/International\/wp-json\/wp\/v2\/posts\/35502","targetHints":{"allow":["GET"]}}],"collection":[{"href":"https:\/\/linitiative.ca\/International\/wp-json\/wp\/v2\/posts"}],"about":[{"href":"https:\/\/linitiative.ca\/International\/wp-json\/wp\/v2\/types\/post"}],"author":[{"embeddable":true,"href":"https:\/\/linitiative.ca\/International\/wp-json\/wp\/v2\/users\/1787"}],"replies":[{"embeddable":true,"href":"https:\/\/linitiative.ca\/International\/wp-json\/wp\/v2\/comments?post=35502"}],"version-history":[{"count":0,"href":"https:\/\/linitiative.ca\/International\/wp-json\/wp\/v2\/posts\/35502\/revisions"}],"wp:attachment":[{"href":"https:\/\/linitiative.ca\/International\/wp-json\/wp\/v2\/media?parent=35502"}],"wp:term":[{"taxonomy":"category","embeddable":true,"href":"https:\/\/linitiative.ca\/International\/wp-json\/wp\/v2\/categories?post=35502"},{"taxonomy":"post_tag","embeddable":true,"href":"https:\/\/linitiative.ca\/International\/wp-json\/wp\/v2\/tags?post=35502"}],"curies":[{"name":"wp","href":"https:\/\/api.w.org\/{rel}","templated":true}]}}