{"id":35509,"date":"2019-05-20T15:31:20","date_gmt":"2019-05-20T19:31:20","guid":{"rendered":"https:\/\/linitiative.ca\/International\/tunisie-sbeitla-une-eleve-se-suicide-en-se-tranchant-les-veines\/"},"modified":"2019-05-20T15:31:20","modified_gmt":"2019-05-20T19:31:20","slug":"tunisie-sbeitla-une-eleve-se-suicide-en-se-tranchant-les-veines","status":"publish","type":"post","link":"https:\/\/linitiative.ca\/International\/tunisie-sbeitla-une-eleve-se-suicide-en-se-tranchant-les-veines\/","title":{"rendered":"Tunisie \u2013 Sbeitla\u00a0: Une \u00e9l\u00e8ve se suicide en se tranchant les veines"},"content":{"rendered":"<div class=\"post-cont-in left relative\">\n<p>Une \u00e9l\u00e8ve s\u2019est suicid\u00e9e ce lundi, en se tranchant les veines \u00e0 l\u2019aide d\u2019un couteau, dans la localit\u00e9 d\u2019Aouled Msahel, pr\u00e8s du Jebel Sammama.<\/p>\n<p>La jeune fille aurait commis cet acte d\u00e9sesp\u00e9r\u00e9 \u00e0 cause de la d\u00e9cision prise par sa famille d\u2019arr\u00eater sa scolarit\u00e9\u00a0vu ses conditions financi\u00e8res critiques.<\/p>\n<div class=\"code-block code-block-1 c3\"><ins class=\"adsbygoogle c2\" data-ad-layout=\"in-article\" data-ad-format=\"fluid\" data-ad-client=\"ca-pub-2102118777505746\" data-ad-slot=\"7301775417\"\/> <\/div>\n<div class=\"mvp-org-wrap mvp-org-logo\" itemprop=\"publisher\" itemscope=\"\" itemtype=\"https:\/\/schema.org\/Organization\"><img decoding=\"async\" src=\"https:\/\/www.tunisienumerique.com\/wp-content\/uploads\/2017\/02\/logo_tunisie_numerique.png\"\/><\/div>\n<div class=\"mvp-related-posts left relative\">\n<h4 class=\"post-header\"><span class=\"post-header\">Lire aussi<\/span><\/h4>\n<\/div>\n<\/div>\n<p>Auteur: LM<br \/>\n<a href=\"https:\/\/www.tunisienumerique.com\/tunisie-sbeitla-une-eleve-se-suicide-en-se-tranchant-les-veines\/\">Cliquez ici pour lire l&rsquo;article depuis sa source.<\/a><\/p>\n","protected":false},"excerpt":{"rendered":"<p>Une \u00e9l\u00e8ve s\u2019est suicid\u00e9e ce lundi, en se tranchant les veines \u00e0 l\u2019aide d\u2019un couteau, dans la localit\u00e9 d\u2019Aouled Msahel, pr\u00e8s du Jebel Sammama. La jeune fille aurait commis cet acte d\u00e9sesp\u00e9r\u00e9 \u00e0 cause de la d\u00e9cision prise par sa famille d\u2019arr\u00eater sa scolarit\u00e9\u00a0vu ses conditions financi\u00e8res critiques. Lire aussi Auteur: LM Cliquez ici pour [&hellip;]<\/p>\n","protected":false},"author":1789,"featured_media":35510,"comment_status":"closed","ping_status":"closed","sticky":false,"template":"","format":"standard","meta":{"fifu_image_url":"","fifu_image_alt":"","footnotes":""},"categories":[73,55],"tags":[],"class_list":["post-35509","post","type-post","status-publish","format-standard","has-post-thumbnail","hentry","category-actualite","category-tunisie"],"_links":{"self":[{"href":"https:\/\/linitiative.ca\/International\/wp-json\/wp\/v2\/posts\/35509","targetHints":{"allow":["GET"]}}],"collection":[{"href":"https:\/\/linitiative.ca\/International\/wp-json\/wp\/v2\/posts"}],"about":[{"href":"https:\/\/linitiative.ca\/International\/wp-json\/wp\/v2\/types\/post"}],"author":[{"embeddable":true,"href":"https:\/\/linitiative.ca\/International\/wp-json\/wp\/v2\/users\/1789"}],"replies":[{"embeddable":true,"href":"https:\/\/linitiative.ca\/International\/wp-json\/wp\/v2\/comments?post=35509"}],"version-history":[{"count":0,"href":"https:\/\/linitiative.ca\/International\/wp-json\/wp\/v2\/posts\/35509\/revisions"}],"wp:featuredmedia":[{"embeddable":true,"href":"https:\/\/linitiative.ca\/International\/wp-json\/"}],"wp:attachment":[{"href":"https:\/\/linitiative.ca\/International\/wp-json\/wp\/v2\/media?parent=35509"}],"wp:term":[{"taxonomy":"category","embeddable":true,"href":"https:\/\/linitiative.ca\/International\/wp-json\/wp\/v2\/categories?post=35509"},{"taxonomy":"post_tag","embeddable":true,"href":"https:\/\/linitiative.ca\/International\/wp-json\/wp\/v2\/tags?post=35509"}],"curies":[{"name":"wp","href":"https:\/\/api.w.org\/{rel}","templated":true}]}}