{"id":35515,"date":"2019-05-20T16:17:45","date_gmt":"2019-05-20T20:17:45","guid":{"rendered":"https:\/\/linitiative.ca\/International\/tunisie-les-villages-sos-pour-les-enfants-sans-soutien-menaces-de-fermeture\/"},"modified":"2019-05-20T16:17:45","modified_gmt":"2019-05-20T20:17:45","slug":"tunisie-les-villages-sos-pour-les-enfants-sans-soutien-menaces-de-fermeture","status":"publish","type":"post","link":"https:\/\/linitiative.ca\/International\/tunisie-les-villages-sos-pour-les-enfants-sans-soutien-menaces-de-fermeture\/","title":{"rendered":"Tunisie \u2013 Les villages SOS pour les enfants sans soutien menac\u00e9s de fermeture"},"content":{"rendered":"<div class=\"post-cont-in left relative\">\n<p>Lors d\u2019une conf\u00e9rence de presse tenue ce jour au village SOS d\u2019El Mahras, la pr\u00e9sidente de l\u2019association qui g\u00e8re les villages SOS de tout le pays, a annonc\u00e9 que la f\u00e9d\u00e9ration internationale des villages SOS\u00a0 a d\u00e9cid\u00e9 d\u2019arr\u00eater son aide et ses subventions au profit des institutions en Tunisie\u00a0 \u00e0 la fin de 2019.<\/p>\n<p>La pr\u00e9sidente de l\u2019association en a appel\u00e9 \u00e0 l\u2019Etat et \u00e0 la soci\u00e9t\u00e9 civile, pour venir en aide \u00e0 ces villages qui h\u00e9bergent pas moins de 400 enfants et fournissent de l\u2019aide \u00e0 domicile \u00e0 1000 autres. Cette activit\u00e9 n\u00e9cessite un budget annuel de cinq millions de dinars, selon la pr\u00e9sidente de l\u2019association.<\/p>\n<div class=\"code-block code-block-1 c3\"><ins class=\"adsbygoogle c2\" data-ad-layout=\"in-article\" data-ad-format=\"fluid\" data-ad-client=\"ca-pub-2102118777505746\" data-ad-slot=\"7301775417\"\/> <\/div>\n<div class=\"mvp-org-wrap mvp-org-logo\" itemprop=\"publisher\" itemscope=\"\" itemtype=\"https:\/\/schema.org\/Organization\"><img decoding=\"async\" src=\"https:\/\/www.tunisienumerique.com\/wp-content\/uploads\/2017\/02\/logo_tunisie_numerique.png\"\/><\/div>\n<div class=\"mvp-related-posts left relative\">\n<h4 class=\"post-header\"><span class=\"post-header\">Lire aussi<\/span><\/h4>\n<\/div>\n<\/div>\n<p>Auteur: LM<br \/>\n<a href=\"https:\/\/www.tunisienumerique.com\/tunisie-les-villages-sos-pour-les-enfants-sans-soutien-menaces-de-fermeture\/\">Cliquez ici pour lire l&rsquo;article depuis sa source.<\/a><\/p>\n","protected":false},"excerpt":{"rendered":"<p>Lors d\u2019une conf\u00e9rence de presse tenue ce jour au village SOS d\u2019El Mahras, la pr\u00e9sidente de l\u2019association qui g\u00e8re les villages SOS de tout le pays, a annonc\u00e9 que la f\u00e9d\u00e9ration internationale des villages SOS\u00a0 a d\u00e9cid\u00e9 d\u2019arr\u00eater son aide et ses subventions au profit des institutions en Tunisie\u00a0 \u00e0 la fin de 2019. La [&hellip;]<\/p>\n","protected":false},"author":1789,"featured_media":35516,"comment_status":"closed","ping_status":"closed","sticky":false,"template":"","format":"standard","meta":{"fifu_image_url":"","fifu_image_alt":"","footnotes":""},"categories":[73,55],"tags":[],"class_list":["post-35515","post","type-post","status-publish","format-standard","has-post-thumbnail","hentry","category-actualite","category-tunisie"],"_links":{"self":[{"href":"https:\/\/linitiative.ca\/International\/wp-json\/wp\/v2\/posts\/35515","targetHints":{"allow":["GET"]}}],"collection":[{"href":"https:\/\/linitiative.ca\/International\/wp-json\/wp\/v2\/posts"}],"about":[{"href":"https:\/\/linitiative.ca\/International\/wp-json\/wp\/v2\/types\/post"}],"author":[{"embeddable":true,"href":"https:\/\/linitiative.ca\/International\/wp-json\/wp\/v2\/users\/1789"}],"replies":[{"embeddable":true,"href":"https:\/\/linitiative.ca\/International\/wp-json\/wp\/v2\/comments?post=35515"}],"version-history":[{"count":0,"href":"https:\/\/linitiative.ca\/International\/wp-json\/wp\/v2\/posts\/35515\/revisions"}],"wp:featuredmedia":[{"embeddable":true,"href":"https:\/\/linitiative.ca\/International\/wp-json\/"}],"wp:attachment":[{"href":"https:\/\/linitiative.ca\/International\/wp-json\/wp\/v2\/media?parent=35515"}],"wp:term":[{"taxonomy":"category","embeddable":true,"href":"https:\/\/linitiative.ca\/International\/wp-json\/wp\/v2\/categories?post=35515"},{"taxonomy":"post_tag","embeddable":true,"href":"https:\/\/linitiative.ca\/International\/wp-json\/wp\/v2\/tags?post=35515"}],"curies":[{"name":"wp","href":"https:\/\/api.w.org\/{rel}","templated":true}]}}