{"id":35517,"date":"2019-05-20T16:25:24","date_gmt":"2019-05-20T20:25:24","guid":{"rendered":"https:\/\/linitiative.ca\/International\/tunisie-un-homme-daffaire-tunisien-dirige-une-equipe-dadmins-de-pages-facebook-suspectes\/"},"modified":"2019-05-20T16:25:24","modified_gmt":"2019-05-20T20:25:24","slug":"tunisie-un-homme-daffaire-tunisien-dirige-une-equipe-dadmins-de-pages-facebook-suspectes","status":"publish","type":"post","link":"https:\/\/linitiative.ca\/International\/tunisie-un-homme-daffaire-tunisien-dirige-une-equipe-dadmins-de-pages-facebook-suspectes\/","title":{"rendered":"Tunisie \u2013 Un homme d\u2019affaire tunisien dirige une \u00e9quipe d\u2019admins de pages Facebook suspectes"},"content":{"rendered":"<div class=\"post-cont-in left relative\">\n<p>Le d\u00e9put\u00e9 et membre de Tahya Tounes, Sahbi Ben Fradj a annonc\u00e9 ce lundi, sur les ondes de Shems FM, qu\u2019un homme d\u2019affaires tunisien dirige une \u00e9quipe de jeunes tunisiens r\u00e9sidents en France, qui\u00a0administrent des pages facebook suspectes, avec un financement isra\u00e9lien.<\/p>\n<p>Ben Fradj a appel\u00e9 les autorit\u00e9s comp\u00e9tentes a \u00e9lucider cette affaire. Il a parl\u00e9 de l\u2019existence d\u2019un r\u00e9seau partant de certains pays du golfe et financ\u00e9 par Isra\u00ebl qui veut interf\u00e9rer dans les prochaines \u00e9lections tunisiennes.<\/p>\n<div class=\"code-block code-block-1 c3\"><ins class=\"adsbygoogle c2\" data-ad-layout=\"in-article\" data-ad-format=\"fluid\" data-ad-client=\"ca-pub-2102118777505746\" data-ad-slot=\"7301775417\"\/> <\/div>\n<div class=\"mvp-org-wrap mvp-org-logo\" itemprop=\"publisher\" itemscope=\"\" itemtype=\"https:\/\/schema.org\/Organization\"><img decoding=\"async\" src=\"https:\/\/www.tunisienumerique.com\/wp-content\/uploads\/2017\/02\/logo_tunisie_numerique.png\"\/><\/div>\n<div class=\"mvp-related-posts left relative\">\n<h4 class=\"post-header\"><span class=\"post-header\">Lire aussi<\/span><\/h4>\n<\/div>\n<\/div>\n<p>Auteur: LM<br \/>\n<a href=\"https:\/\/www.tunisienumerique.com\/tunisie-un-homme-daffaire-tunisien-dirige-une-equipe-dadmins-de-pages-facebook-suspectes\/\">Cliquez ici pour lire l&rsquo;article depuis sa source.<\/a><\/p>\n","protected":false},"excerpt":{"rendered":"<p>Le d\u00e9put\u00e9 et membre de Tahya Tounes, Sahbi Ben Fradj a annonc\u00e9 ce lundi, sur les ondes de Shems FM, qu\u2019un homme d\u2019affaires tunisien dirige une \u00e9quipe de jeunes tunisiens r\u00e9sidents en France, qui\u00a0administrent des pages facebook suspectes, avec un financement isra\u00e9lien. Ben Fradj a appel\u00e9 les autorit\u00e9s comp\u00e9tentes a \u00e9lucider cette affaire. Il a [&hellip;]<\/p>\n","protected":false},"author":1789,"featured_media":35518,"comment_status":"closed","ping_status":"closed","sticky":false,"template":"","format":"standard","meta":{"fifu_image_url":"","fifu_image_alt":"","footnotes":""},"categories":[73,55],"tags":[],"class_list":["post-35517","post","type-post","status-publish","format-standard","has-post-thumbnail","hentry","category-actualite","category-tunisie"],"_links":{"self":[{"href":"https:\/\/linitiative.ca\/International\/wp-json\/wp\/v2\/posts\/35517","targetHints":{"allow":["GET"]}}],"collection":[{"href":"https:\/\/linitiative.ca\/International\/wp-json\/wp\/v2\/posts"}],"about":[{"href":"https:\/\/linitiative.ca\/International\/wp-json\/wp\/v2\/types\/post"}],"author":[{"embeddable":true,"href":"https:\/\/linitiative.ca\/International\/wp-json\/wp\/v2\/users\/1789"}],"replies":[{"embeddable":true,"href":"https:\/\/linitiative.ca\/International\/wp-json\/wp\/v2\/comments?post=35517"}],"version-history":[{"count":0,"href":"https:\/\/linitiative.ca\/International\/wp-json\/wp\/v2\/posts\/35517\/revisions"}],"wp:featuredmedia":[{"embeddable":true,"href":"https:\/\/linitiative.ca\/International\/wp-json\/"}],"wp:attachment":[{"href":"https:\/\/linitiative.ca\/International\/wp-json\/wp\/v2\/media?parent=35517"}],"wp:term":[{"taxonomy":"category","embeddable":true,"href":"https:\/\/linitiative.ca\/International\/wp-json\/wp\/v2\/categories?post=35517"},{"taxonomy":"post_tag","embeddable":true,"href":"https:\/\/linitiative.ca\/International\/wp-json\/wp\/v2\/tags?post=35517"}],"curies":[{"name":"wp","href":"https:\/\/api.w.org\/{rel}","templated":true}]}}