{"id":35527,"date":"2019-05-20T16:26:49","date_gmt":"2019-05-20T20:26:49","guid":{"rendered":"https:\/\/linitiative.ca\/International\/retour-de-moise-katumbi-en-rdc\/"},"modified":"2019-05-20T16:26:49","modified_gmt":"2019-05-20T20:26:49","slug":"retour-de-moise-katumbi-en-rdc","status":"publish","type":"post","link":"https:\/\/linitiative.ca\/International\/retour-de-moise-katumbi-en-rdc\/","title":{"rendered":"RETOUR DE MOISE KATUMBI EN RDC :"},"content":{"rendered":"<div class=\"stream-item stream-item-above-post-content\">\n<p><noscript><\/p>\n<p><a href=\"\/\/www3.smartadserver.com\/ac?jump=1&#038;nwid=2136&#038;siteid=240610&#038;pgname=rg&#038;fmtid=49046&#038;visit=m&#038;tmstp=[timestamp]&#038;out=nonrich\" target=\"_blank\" rel=\"noopener noreferrer\"><img decoding=\"async\" src=\"\/\/www3.smartadserver.com\/ac?out=nonrich&#038;nwid=2136&#038;siteid=240610&#038;pgname=rg&#038;fmtid=49046&#038;visit=m&#038;tmstp=[timestamp]\" border=\"0\" alt=\"\"\/><\/a><\/p>\n<p><\/noscript><\/div>\n<p class=\"c3\"><em>\u00ab\u00a0La v\u00e9rit\u00e9 est comme l\u2019huile que l\u2019on veut noyer. Elle finit toujours par triompher\u00a0\u00bb.<\/em> Tels sont, entre autres, les propos de Mo\u00efse Katumbi, hier, 20 mai 2019, \u00e0 sa descente d\u2019avion \u00e0 Lubumbashi. \u00a0En effet, contraint \u00e0 l\u2019exil pour une sombre affaire judiciaire sous Joseph Kabila, c\u2019est en ap\u00f4tre de la paix que Mo\u00efse Katumbi, tout de blanc v\u00eatu, a sign\u00e9 son retour en R\u00e9publique d\u00e9mocratique du Congo, apr\u00e8s l\u2019annulation des charges contre lui. Et comme pour ne rien laisser au hasard, l\u2019ex-exil\u00e9 de Bruxelles en Belgique et de Lusaka en Zambie en passant par l\u2019Afrique du Sud, a tenu \u00e0 faire co\u00efncider la date de son retour avec celle de son d\u00e9part du pays, il y a trois ans pile.\u00a0 Une symbolique qui n\u2019est certainement pas vide de sens, quand on sait que le chiffre 3, dans la mythologie africaine, est celui du m\u00e2le, de l\u2019homme accompli.<\/p>\n<p><strong>\u00a0<\/strong><\/p>\n<p><strong>Pour son retour au bercail, Mo\u00efse Katumbi doit une fi\u00e8re chandelle au pr\u00e9sident Tshis\u00e9k\u00e9di<\/strong><\/p>\n<p><strong>\u00a0<\/strong><\/p>\n<p class=\"c3\"><em>Cela dit, la travers\u00e9e du d\u00e9sert aura dur\u00e9 trois ans pour celui qui, apr\u00e8s avoir bruyamment rompu les amarres avec l\u2019ex-homme fort de Kinshasa, Joseph Kabila,\u00a0 voulait le d\u00e9fier dans les urnes, \u00e0 la faveur de la pr\u00e9sidentielle de 2016. Celle-ci s\u2019est finalement jou\u00e9e en fin d\u2019ann\u00e9e derni\u00e8re, sans l\u2019un ni l\u2019autre des protagonistes, et a vu le triomphe de F\u00e9lix Tshis\u00e9k\u00e9di au terme d\u2019un scrutin fort contest\u00e9.\u00a0<\/em> <em>Accueilli comme l\u2019enfant prodigue pour qui fut tu\u00e9 le veau gras, l\u2019ex-gouverneur du Katanga qui a vu son r\u00eave de briguer la magistrature supr\u00eame de son pays se briser sous les fourches caudines de la justice de Joseph Kabila, a pu, trois ans apr\u00e8s et \u00e0 la faveur de l\u2019alternance politique dans son pays, regagner en grande pompe le bercail o\u00f9 il a pu jauger sa popularit\u00e9 aupr\u00e8s de ses compatriotes et surtout au sein de sa famille politique et de ses partisans qui n\u2019ont pas marchand\u00e9 leur mobilisation pour lui r\u00e9server un accueil \u00e0 la hauteur des espoirs dont il est l\u2019incarnation \u00e0 leurs yeux. Et la vague blanche partie \u00e0 sa rencontre, hier, \u00e0 l\u2019a\u00e9roport de Lubumbashi et qui a ensuite sillonn\u00e9 les art\u00e8res de la ville,\u00a0 avec \u00e0 sa t\u00eate les cadres de sa plateforme politique, \u00ab\u00a0Ensemble pour le changement\u00a0\u00bb, est un signal fort qu\u2019avec ce retour de l\u2019ex-gouverneur de la capitale mini\u00e8re, le landerneau politique risque de conna\u00eetre une redistribution des cartes pour le pr\u00e9sent et pour l\u2019avenir du Congo. Surtout si les vell\u00e9it\u00e9s de retour au pouvoir de Joseph Kabila, devaient se pr\u00e9ciser. Car, m\u00eame s\u2019il dit ne pas \u00eatre anim\u00e9 d\u2019un esprit de revanche, tout porte \u00e0 croire que Mo\u00efse Katumbi est loin d\u2019avoir renonc\u00e9 \u00e0 ses ambitions pr\u00e9sidentielles et l\u2019\u00e9pisode de son rendez-vous manqu\u00e9 avec l\u2019\u00e9lectorat congolais, il y a trois ans,\u00a0 lui est rest\u00e9 en travers de la gorge.<\/em> <em>Cela dit, pour son retour au bercail, Mo\u00efse Katumbi doit une fi\u00e8re chandelle au pr\u00e9sident F\u00e9lix Tshis\u00e9k\u00e9di. Car au regard des conditions dans lesquelles il a quitt\u00e9 le pays, l\u2019on a des raisons de croire que ce retour n\u2019aurait pas \u00e9t\u00e9 possible s\u2019il n\u2019y a avait pas eu de changement \u00e0 la t\u00eate de l\u2019Etat congolais. Et quoi que l\u2019on puisse dire du pr\u00e9sident Tshis\u00e9k\u00e9di, il faut reconna\u00eetre que malgr\u00e9 l\u2019inconfort de sa position actuelle \u00e0 la t\u00eate de l\u2019Etat, ce dernier est en train de poser des actes allant dans le sens de la d\u00e9crispation, et de se frayer petit \u00e0 petit son chemin. Les r\u00e9centes lib\u00e9rations de prisonniers\u00a0<\/em> <em>politiques et le retour d\u2019exil\u00e9s politiques avec le cas embl\u00e9matique de Mo\u00efse Katumbi, proc\u00e8dent de cette logique. Cela pourrait lui valoir des dividendes politiques \u00e0 l\u2019effet de lui permettre de reprendre des couleurs sur un \u00e9chiquier politique en perp\u00e9tuelle recomposition, o\u00f9 le jeu reste ouvert et o\u00f9 les alliances semblent se nouer au gr\u00e9 des int\u00e9r\u00eats du moment.<\/em><\/p>\n<p class=\"c3\"><em>\u00a0<\/em><\/p>\n<p><strong>Katumbi pourrait \u00eatre un alli\u00e9 de choix et de poids pour le chef de l\u2019Etat<\/strong><\/p>\n<p><strong>\u00a0<\/strong><\/p>\n<p class=\"c3\"><em>En tout \u00e9tat de cause, maintenant qu\u2019il est de retour au pays, quel r\u00f4le Mo\u00efse Katumbi\u00a0va-t-il jouer ? Si l\u2019int\u00e9ress\u00e9 lui-m\u00eame s\u2019inscrit dans la logique d\u2019une opposition r\u00e9publicaine, le foss\u00e9 semble par contre se creuser entre lui et certains leaders de l\u2019opposition comme le candidat de Lamuka\u00a0, Martin Fayulu, qui continue de r\u00e9clamer la victoire et qui est toujours dans la contestation de la victoire de F\u00e9lix Tshis\u00e9k\u00e9di. Ce candidat malheureux a d\u2019ailleurs brill\u00e9 par son absence au rassemblement\u00a0 d\u2019hier et \u00e9tait repr\u00e9sent\u00e9 par le secr\u00e9taire g\u00e9n\u00e9ral de son parti, tout comme Jean-Pierre Bemba, toujours en Europe, qui s\u2019est aussi fait repr\u00e9senter. Mais un rapprochement du d\u00e9sormais ex-exil\u00e9 avec le chef de l\u2019Etat n\u2019est pas \u00e0 exclure, d\u2019autant plus que le locataire du Palais de la Nation qui est aujourd\u2019hui sous l\u2019emprise de la galaxie kabiliste, est visiblement \u00e0 l\u2019\u00e9troit dans ses habits de pr\u00e9sident, parce que n\u2019ayant pas les coud\u00e9es franches face au FCC (Front commun pour le Congo) de Joseph Kabila sorti largement vainqueur des \u00e9lections g\u00e9n\u00e9rales. Dans ces conditions, \u00a0Mo\u00efse Katumbi pourrait \u00eatre un alli\u00e9 de choix et de poids, qui permettrait au chef de l\u2019Etat de r\u00e9\u00e9quilibrer le rapport de forces avec ses alli\u00e9s de circonstance dans la mouvance pr\u00e9sidentielle, d\u2019autant que Mo\u00efse Katumbi est celui, dans l\u2019opposition, qui compte le plus de d\u00e9put\u00e9s \u00e0 l\u2019Assembl\u00e9e nationale. Une moisson qu\u2019il pourrait bien mettre \u00e0 profit pour se repositionner sur l\u2019\u00e9chiquier politique, m\u00eame si tout porte \u00e0 croire que pour ses d\u00e9buts, il fera autant que faire se peut profil bas, pour \u00e9viter de g\u00eaner aux entournures \u00ab\u00a0son bienfaiteur\u00a0\u00bb de pr\u00e9sident, F\u00e9lix Tshis\u00e9k\u00e9di, \u00a0qui reste, quoi qu\u2019on dise, l\u2019alli\u00e9 de choix ou de circonstance de celui qui n\u2019est pas loin d\u2019\u00eatre son \u00ab\u00a0pire ennemi\u00a0\u00bb, Joseph Kabila. Mais jusqu\u2019\u00e0 quand\u00a0?<\/em><\/p>\n<p class=\"c3\"><em>\u00a0<\/em><\/p>\n<p><strong><em>\u00ab\u00a0Le Pays\u00a0\u00bb<\/em><\/strong><\/p>\n<p><strong>\u00a0<\/strong><\/p>\n<p><strong>\u00a0<\/strong><\/p>\n<p><strong>\u00a0<\/strong><\/p>\n<p><strong>\u00a0<\/strong><\/p>\n<p><strong>\u00a0<\/strong><\/p>\n<p><strong>\u00a0<\/strong><\/p>\n<p>Auteur: Le Pays<br \/>\n<a href=\"http:\/\/lepays.bf\/retour-de-moise-katumbi-en-rdc\/\">Cliquez ici pour lire l&rsquo;article depuis sa source.<\/a><\/p>\n","protected":false},"excerpt":{"rendered":"<p>\u00ab\u00a0La v\u00e9rit\u00e9 est comme l\u2019huile que l\u2019on veut noyer. Elle finit toujours par triompher\u00a0\u00bb. Tels sont, entre autres, les propos de Mo\u00efse Katumbi, hier, 20 mai 2019, \u00e0 sa descente d\u2019avion \u00e0 Lubumbashi. \u00a0En effet, contraint \u00e0 l\u2019exil pour une sombre affaire judiciaire sous Joseph Kabila, c\u2019est en ap\u00f4tre de la paix que Mo\u00efse Katumbi, [&hellip;]<\/p>\n","protected":false},"author":1813,"featured_media":0,"comment_status":"closed","ping_status":"closed","sticky":false,"template":"","format":"standard","meta":{"fifu_image_url":"","fifu_image_alt":"","footnotes":""},"categories":[73,81],"tags":[],"class_list":["post-35527","post","type-post","status-publish","format-standard","hentry","category-actualite","category-burkina-faso"],"_links":{"self":[{"href":"https:\/\/linitiative.ca\/International\/wp-json\/wp\/v2\/posts\/35527","targetHints":{"allow":["GET"]}}],"collection":[{"href":"https:\/\/linitiative.ca\/International\/wp-json\/wp\/v2\/posts"}],"about":[{"href":"https:\/\/linitiative.ca\/International\/wp-json\/wp\/v2\/types\/post"}],"author":[{"embeddable":true,"href":"https:\/\/linitiative.ca\/International\/wp-json\/wp\/v2\/users\/1813"}],"replies":[{"embeddable":true,"href":"https:\/\/linitiative.ca\/International\/wp-json\/wp\/v2\/comments?post=35527"}],"version-history":[{"count":0,"href":"https:\/\/linitiative.ca\/International\/wp-json\/wp\/v2\/posts\/35527\/revisions"}],"wp:attachment":[{"href":"https:\/\/linitiative.ca\/International\/wp-json\/wp\/v2\/media?parent=35527"}],"wp:term":[{"taxonomy":"category","embeddable":true,"href":"https:\/\/linitiative.ca\/International\/wp-json\/wp\/v2\/categories?post=35527"},{"taxonomy":"post_tag","embeddable":true,"href":"https:\/\/linitiative.ca\/International\/wp-json\/wp\/v2\/tags?post=35527"}],"curies":[{"name":"wp","href":"https:\/\/api.w.org\/{rel}","templated":true}]}}