{"id":35528,"date":"2019-05-20T16:30:26","date_gmt":"2019-05-20T20:30:26","guid":{"rendered":"https:\/\/linitiative.ca\/International\/nomination-dun-nouveau-premier-ministre-en-rdc\/"},"modified":"2019-05-20T16:30:26","modified_gmt":"2019-05-20T20:30:26","slug":"nomination-dun-nouveau-premier-ministre-en-rdc","status":"publish","type":"post","link":"https:\/\/linitiative.ca\/International\/nomination-dun-nouveau-premier-ministre-en-rdc\/","title":{"rendered":"NOMINATION D\u2019UN NOUVEAU PREMIER MINISTRE EN RDC :"},"content":{"rendered":"<div class=\"featured-area featured-area-inner\"><img loading=\"lazy\" decoding=\"async\" width=\"780\" height=\"405\" src=\"http:\/\/lepays.bf\/wp-content\/uploads\/2019\/05\/RDC-1-780x405.jpg\" class=\"attachment-jannah-image-post size-jannah-image-post wp-post-image\" alt=\"\"\/><\/div>\n<div class=\"entry-content entry clearfix\" readability=\"57\">\n<div class=\"stream-item stream-item-above-post-content\">\n<p><noscript><\/p>\n<p><a href=\"\/\/www3.smartadserver.com\/ac?jump=1&#038;nwid=2136&#038;siteid=240610&#038;pgname=rg&#038;fmtid=49046&#038;visit=m&#038;tmstp=[timestamp]&#038;out=nonrich\" target=\"_blank\" rel=\"noopener noreferrer\"><img decoding=\"async\" src=\"\/\/www3.smartadserver.com\/ac?out=nonrich&#038;nwid=2136&#038;siteid=240610&#038;pgname=rg&#038;fmtid=49046&#038;visit=m&#038;tmstp=[timestamp]\" border=\"0\" alt=\"\"\/><\/a><\/p>\n<p><\/noscript><\/div>\n<p class=\"c3\">\u00ab\u00a0Habemus papam\u00a0\u00bb\u00a0! Ainsi s\u2019\u00e9crie-t-on chaque fois que l\u2019on voit la fum\u00e9e blanche sortir des chemin\u00e9es de la chapelle Sixtine, au Vatican, pour dire que les Cardinaux sont parvenus \u00e0 un consensus autour du nom du pape. La formule peut bien s\u2019appliquer \u00e0 la R\u00e9publique d\u00e9mocratique du Congo (RDC) o\u00f9 apr\u00e8s\u00a0 d\u2019\u00e2pres n\u00e9gociations, un consensus a \u00e9t\u00e9 enfin trouv\u00e9 sur le nom de celui-l\u00e0 qui sera le chef du gouvernement. Le pr\u00e9sident F\u00e9lix Tshis\u00e9k\u00e9di l\u2019avait annonc\u00e9 la semaine derri\u00e8re sans pourtant donner de nom. Mais c\u2019est d\u00e9sormais chose faite depuis hier, 20 mai 2019. Le nouveau Premier ministre s\u2019appelle Sylvestre Ilunga\u00a0 Ilunkamba. Membre du Parti du peuple\u00a0 pour la reconstruction et la d\u00e9mocratie (PPRD) ex-parti de Joseph Kabila au pouvoir, le nouveau chef du gouvernement est originaire du Katanga et a d\u00e9j\u00e0 occup\u00e9 plusieurs fauteuils minist\u00e9riels. C\u2019est le profil de cet homme qui semble avoir mis d\u2019accord Joseph Kabila et le pr\u00e9sident Tshis\u00e9k\u00e9di qui, dit-on, a r\u00e9cus\u00e9 plusieurs autres personnalit\u00e9s qui lui ont \u00e9t\u00e9 propos\u00e9es parce que certaines d\u2019entre elles incarnent la continuit\u00e9 de l\u2019ancien syst\u00e8me tandis que d\u2019autres sont vomies par la communaut\u00e9 internationale. Et de cette derni\u00e8re cat\u00e9gorie, le pr\u00e9sident du Conseil d\u2019administration de la \u00ab\u00a0G\u00e9camines\u00a0\u00bb que Kabila a tent\u00e9 d\u2019imposer en vain. D\u00e8s lors, on comprend pourquoi il a fallu attendre pr\u00e8s de quatre mois apr\u00e8s son accession au pouvoir, pour que Tshis\u00e9k\u00e9di puisse trouver un Premier ministre \u00e0 qui revient d\u00e9sormais la lourde t\u00e2che de former une nouvelle \u00e9quipe gouvernementale.<\/p>\n<p><strong>\u00a0<\/strong><\/p>\n<p><strong>Sylvestre Ilunga Ilumkamba est plus \u00e0 plaindre qu\u2019\u00e0 envier<\/strong><\/p>\n<p><strong>\u00a0<\/strong><\/p>\n<p class=\"c3\"><em>L\u2019oiseau rare sera-t-il de bon augure\u00a0? Saura-t-il incarner le changement et la rupture voulus par le nouveau ma\u00eetre de Kinshasa\u00a0? Rien n\u2019est moins s\u00fbr, \u00e0 moins que le futur chef du gouvernement ne d\u00e9cide de rompre les ponts avec le pr\u00e9-carr\u00e9 de Joseph Kabila dont il est issu\u00a0; auquel cas il court le\u00a0 risque de se voir emport\u00e9 par une motion de d\u00e9fiance quand on sait que l\u2019Assembl\u00e9e nationale est domin\u00e9e par des d\u00e9put\u00e9s du Front commun pour le Congo (FCC). C\u2019est dire \u00e0 quel point Sylvestre Ilunga Ilumkamba est plus \u00e0 plaindre qu\u2019\u00e0 envier. Car il doit marcher sur des \u0153ufs et lui-m\u00eame en est conscient\u00a0; en t\u00e9moigne sa premi\u00e8re d\u00e9claration juste apr\u00e8s l\u2019annonce de sa nomination\u00a0: \u00ab\u00a0Je consid\u00e8re ma nomination comme une lourde responsabilit\u00e9 en ce moment crucial de l\u2019histoire de notre pays, et je m\u2019engage \u00e0 mobilier toutes les ressources n\u00e9cessaires pour faire fonctionner la coalition au niveau du gouvernement et \u00e0 contribuer \u00e0 l\u2019am\u00e9lioration du niveau de vie des Congolais, dans la transparence et la bonne gouvernance\u00a0\u00bb, a-t-il laiss\u00e9 entendre. Et le premier obstacle contre lequel butera le Premier ministre, sera la composition du nouveau gouvernement. C\u2019est maintenant que commence le plus dur. Car les choses risquent aussi d\u2019achopper sur le partage des portefeuilles minist\u00e9riels entre le FCC de Kabila et la Coalition pour le changement (CACH) de Tshis\u00e9k\u00e9di. On attend de voir.<\/em><\/p>\n<p class=\"c3\"><em>\u00a0<\/em><\/p>\n<p><strong>B.O<\/strong><\/p>\n<\/div>\n<p>Auteur: Le Pays<br \/>\n<a href=\"http:\/\/lepays.bf\/nomination-dun-nouveau-premier-ministre-en-rdc\/\">Cliquez ici pour lire l&rsquo;article depuis sa source.<\/a><\/p>\n","protected":false},"excerpt":{"rendered":"<p>\u00ab\u00a0Habemus papam\u00a0\u00bb\u00a0! Ainsi s\u2019\u00e9crie-t-on chaque fois que l\u2019on voit la fum\u00e9e blanche sortir des chemin\u00e9es de la chapelle Sixtine, au Vatican, pour dire que les Cardinaux sont parvenus \u00e0 un consensus autour du nom du pape. La formule peut bien s\u2019appliquer \u00e0 la R\u00e9publique d\u00e9mocratique du Congo (RDC) o\u00f9 apr\u00e8s\u00a0 d\u2019\u00e2pres n\u00e9gociations, un consensus a [&hellip;]<\/p>\n","protected":false},"author":1813,"featured_media":35529,"comment_status":"closed","ping_status":"closed","sticky":false,"template":"","format":"standard","meta":{"fifu_image_url":"","fifu_image_alt":"","footnotes":""},"categories":[73,81],"tags":[],"class_list":["post-35528","post","type-post","status-publish","format-standard","has-post-thumbnail","hentry","category-actualite","category-burkina-faso"],"_links":{"self":[{"href":"https:\/\/linitiative.ca\/International\/wp-json\/wp\/v2\/posts\/35528","targetHints":{"allow":["GET"]}}],"collection":[{"href":"https:\/\/linitiative.ca\/International\/wp-json\/wp\/v2\/posts"}],"about":[{"href":"https:\/\/linitiative.ca\/International\/wp-json\/wp\/v2\/types\/post"}],"author":[{"embeddable":true,"href":"https:\/\/linitiative.ca\/International\/wp-json\/wp\/v2\/users\/1813"}],"replies":[{"embeddable":true,"href":"https:\/\/linitiative.ca\/International\/wp-json\/wp\/v2\/comments?post=35528"}],"version-history":[{"count":0,"href":"https:\/\/linitiative.ca\/International\/wp-json\/wp\/v2\/posts\/35528\/revisions"}],"wp:featuredmedia":[{"embeddable":true,"href":"https:\/\/linitiative.ca\/International\/wp-json\/"}],"wp:attachment":[{"href":"https:\/\/linitiative.ca\/International\/wp-json\/wp\/v2\/media?parent=35528"}],"wp:term":[{"taxonomy":"category","embeddable":true,"href":"https:\/\/linitiative.ca\/International\/wp-json\/wp\/v2\/categories?post=35528"},{"taxonomy":"post_tag","embeddable":true,"href":"https:\/\/linitiative.ca\/International\/wp-json\/wp\/v2\/tags?post=35528"}],"curies":[{"name":"wp","href":"https:\/\/api.w.org\/{rel}","templated":true}]}}