{"id":35536,"date":"2019-05-20T15:57:51","date_gmt":"2019-05-20T19:57:51","guid":{"rendered":"https:\/\/linitiative.ca\/International\/lutte-contre-la-violence-au-burkina-des-universitaires-veulent-apporter-leur-contribution\/"},"modified":"2019-05-20T15:57:51","modified_gmt":"2019-05-20T19:57:51","slug":"lutte-contre-la-violence-au-burkina-des-universitaires-veulent-apporter-leur-contribution","status":"publish","type":"post","link":"https:\/\/linitiative.ca\/International\/lutte-contre-la-violence-au-burkina-des-universitaires-veulent-apporter-leur-contribution\/","title":{"rendered":"Lutte contre la violence au Burkina : des universitaires veulent apporter leur contribution"},"content":{"rendered":"<div class=\"td-post-featured-image\"><a href=\"https:\/\/i0.wp.com\/www.sidwaya.info\/wp-content\/uploads\/2019\/05\/1-49.jpg?fit=728%2C484&#038;ssl=1\" data-caption=\"\"><img loading=\"lazy\" decoding=\"async\" width=\"696\" height=\"463\" class=\"entry-thumb td-modal-image\" src=\"https:\/\/i0.wp.com\/www.sidwaya.info\/wp-content\/uploads\/2019\/05\/1-49.jpg?resize=696%2C463&#038;ssl=1\" srcset=\"https:\/\/i0.wp.com\/www.sidwaya.info\/wp-content\/uploads\/2019\/05\/1-49.jpg?w=728&#038;ssl=1 728w, https:\/\/i0.wp.com\/www.sidwaya.info\/wp-content\/uploads\/2019\/05\/1-49.jpg?resize=300%2C199&#038;ssl=1 300w, https:\/\/i0.wp.com\/www.sidwaya.info\/wp-content\/uploads\/2019\/05\/1-49.jpg?resize=696%2C463&#038;ssl=1 696w, https:\/\/i0.wp.com\/www.sidwaya.info\/wp-content\/uploads\/2019\/05\/1-49.jpg?resize=632%2C420&#038;ssl=1 632w\" sizes=\"auto, (max-width: 696px) 100vw, 696px\" alt=\"\" title=\"1\"\/><\/a><\/div>\n<div class=\"td-a-rec td-a-rec-id-content_top td_uid_30_5ce31fbbcff27_rand td_block_template_1\"><img loading=\"lazy\" decoding=\"async\" class=\"aligncenter size-full wp-image-4463\" src=\"https:\/\/www.sidwaya.info\/wp-content\/uploads\/2019\/02\/FESPACO-TOUR-2019-Bannie%CC%80re-728x90-1.jpg\" alt=\"\" width=\"728\" height=\"90\"\/><\/div>\n<p><strong>Les responsables du Laboratoire langues, discours et pratiques artistiques (LADIPA) de l\u2019Universit\u00e9 Joseph-Ki-Zerbo \u00e9tait face \u00e0 la presse, le vendredi 17 mai 2019, \u00e0 Ouagadougou pour annoncer la tenue d\u2019un colloque international sur le th\u00e8me : \u00abLa violence dans les langues, les litt\u00e9ratures et les arts du Sahel\u00bb du 23 au 25 mai prochain.<\/strong><\/p>\n<p>Bien que n\u2019\u00e9tant pas des sp\u00e9cialistes des armes, des universitaires peuvent, par leur r\u00e9flexion, contribuer \u00e0 la lutte contre le terrorisme et la violence en Afrique en g\u00e9n\u00e9ral et au Burkina Faso en particulier. C\u2019est la conviction des premiers responsables du Laboratoire langues, discours et pratiques artistiques (LADIPA) de l\u2019Ecole doctorale Lettres, sciences humaines et communication (LESHCO), de l\u2019Universit\u00e9 Joseph-Ki-Zerbo qui organisent un colloque international sur le th\u00e8me : \u00abLa violence dans les langues, les litt\u00e9ratures et les arts du Sahel\u00bb du 23 au 25 mai 2019. L\u2019information a \u00e9t\u00e9 donn\u00e9e aux hommes de m\u00e9dias au cours d\u2019un point de presse, le vendredi 17 mai 2019 \u00e0 Ouagadougou. Aux dires du pr\u00e9sident du comit\u00e9 d\u2019organisation, Pr Albert Ou\u00e9draogo, ce colloque vise \u00e0 r\u00e9unir les scientifiques de toutes les sp\u00e9cialit\u00e9s des sciences du langage et de la litt\u00e9rature pour r\u00e9fl\u00e9chir, \u00e9changer les id\u00e9es, les exp\u00e9riences et structurer un discours scientifique autour de la violence dans les langues, les litt\u00e9ratures et les arts.<\/p>\n<p>Il s\u2019agira pour la centaine de participants attendus, de \u00abmettre en d\u00e9bats le motif de la violence dans un contexte o\u00f9 l\u2019extr\u00e9misme violent, le terrorisme, les replis identitaires, les vell\u00e9it\u00e9s s\u00e9cessionnistes constituent des d\u00e9fis \u00e9mergents auxquels le continent doit d\u00e9sormais faire face\u00bb. Pour le Pr Ou\u00e9draogo, la violence n\u2019est pas accidentelle mais elle est d\u2019abord imaginaire. \u00abNous allons donc au cours de ces trois jours de travaux, interroger les productions litt\u00e9raires et artistiques d\u2019Afrique et de notre pays, pour voir quelle est la place qui est accord\u00e9e \u00e0 la violence\u00bb, a-t-il indiqu\u00e9. Pour ce colloque, sept principaux axes de r\u00e9flexion ont \u00e9t\u00e9 retenus pour meubler les \u00e9changes.<\/p>\n<p>Il s\u2019agit de la violence dans les textes litt\u00e9raires, les litt\u00e9ratures en langues nationales et la violence, les langues nationales et langues officielles en Afrique, les usages langagiers et expression de la violence, le cin\u00e9ma et l\u2019expression de la violence, les litt\u00e9ratures et le terrorisme au Sahel et enfin les conflits dans les arts du Sahel. L\u2019analyse de tous ces th\u00e8mes va permettre, foi du pr\u00e9sident du comit\u00e9 d\u2019organisation, de mettre en \u00e9vidence les sources et les perceptions de la violence dans les langues, les litt\u00e9ratures et les arts. A la fin de la rencontre, un ouvrage scientifique sur la probl\u00e9matique sera produit et remis aux autorit\u00e9s pour les aider \u00e0 bannir la violence hors des fronti\u00e8res du \u00abpays des Hommes int\u00e8gres\u00bb.<\/p>\n<p class=\"c1\"><strong>Nad\u00e8ge YAMEOGO<\/strong><\/p>\n<div class=\"td-a-rec td-a-rec-id-content_bottom td_uid_31_5ce31fbbd00db_rand td_block_template_1\"><img loading=\"lazy\" decoding=\"async\" class=\"alignright size-full wp-image-1724\" src=\"https:\/\/www.sidwaya.info\/wp-content\/uploads\/2018\/12\/sidwaya-pub.jpg\" alt=\"\" width=\"720\" height=\"90\"\/><\/div>\n<p>Auteur: JK. Sidwaya<br \/>\n<a href=\"https:\/\/www.sidwaya.info\/blog\/2019\/05\/20\/lutte-contre-la-violence-au-burkina-des-universitaires-veulent-apporter-leur-contribution\/\">Cliquez ici pour lire l&rsquo;article depuis sa source.<\/a><\/p>\n","protected":false},"excerpt":{"rendered":"<p>Les responsables du Laboratoire langues, discours et pratiques artistiques (LADIPA) de l\u2019Universit\u00e9 Joseph-Ki-Zerbo \u00e9tait face \u00e0 la presse, le vendredi 17 mai 2019, \u00e0 Ouagadougou pour annoncer la tenue d\u2019un colloque international sur le th\u00e8me : \u00abLa violence dans les langues, les litt\u00e9ratures et les arts du Sahel\u00bb du 23 au 25 mai prochain. Bien [&hellip;]<\/p>\n","protected":false},"author":1816,"featured_media":0,"comment_status":"closed","ping_status":"closed","sticky":false,"template":"","format":"standard","meta":{"fifu_image_url":"","fifu_image_alt":"","footnotes":""},"categories":[73,81],"tags":[],"class_list":["post-35536","post","type-post","status-publish","format-standard","hentry","category-actualite","category-burkina-faso"],"_links":{"self":[{"href":"https:\/\/linitiative.ca\/International\/wp-json\/wp\/v2\/posts\/35536","targetHints":{"allow":["GET"]}}],"collection":[{"href":"https:\/\/linitiative.ca\/International\/wp-json\/wp\/v2\/posts"}],"about":[{"href":"https:\/\/linitiative.ca\/International\/wp-json\/wp\/v2\/types\/post"}],"author":[{"embeddable":true,"href":"https:\/\/linitiative.ca\/International\/wp-json\/wp\/v2\/users\/1816"}],"replies":[{"embeddable":true,"href":"https:\/\/linitiative.ca\/International\/wp-json\/wp\/v2\/comments?post=35536"}],"version-history":[{"count":0,"href":"https:\/\/linitiative.ca\/International\/wp-json\/wp\/v2\/posts\/35536\/revisions"}],"wp:attachment":[{"href":"https:\/\/linitiative.ca\/International\/wp-json\/wp\/v2\/media?parent=35536"}],"wp:term":[{"taxonomy":"category","embeddable":true,"href":"https:\/\/linitiative.ca\/International\/wp-json\/wp\/v2\/categories?post=35536"},{"taxonomy":"post_tag","embeddable":true,"href":"https:\/\/linitiative.ca\/International\/wp-json\/wp\/v2\/tags?post=35536"}],"curies":[{"name":"wp","href":"https:\/\/api.w.org\/{rel}","templated":true}]}}