{"id":35537,"date":"2019-05-20T16:02:48","date_gmt":"2019-05-20T20:02:48","guid":{"rendered":"https:\/\/linitiative.ca\/International\/sit-in-des-avocats-pour-la-defense-de-letat-de-droit\/"},"modified":"2019-05-20T16:02:48","modified_gmt":"2019-05-20T20:02:48","slug":"sit-in-des-avocats-pour-la-defense-de-letat-de-droit","status":"publish","type":"post","link":"https:\/\/linitiative.ca\/International\/sit-in-des-avocats-pour-la-defense-de-letat-de-droit\/","title":{"rendered":"Sit-in des avocats : pour la d\u00e9fense de l\u2019Etat de droit"},"content":{"rendered":"<div class=\"td-post-featured-image\"><a href=\"https:\/\/i2.wp.com\/www.sidwaya.info\/wp-content\/uploads\/2019\/05\/2-12.jpg?fit=728%2C486&#038;ssl=1\" data-caption=\"\"><img loading=\"lazy\" decoding=\"async\" width=\"696\" height=\"465\" class=\"entry-thumb td-modal-image\" src=\"https:\/\/i2.wp.com\/www.sidwaya.info\/wp-content\/uploads\/2019\/05\/2-12.jpg?resize=696%2C465&#038;ssl=1\" srcset=\"https:\/\/i2.wp.com\/www.sidwaya.info\/wp-content\/uploads\/2019\/05\/2-12.jpg?w=728&#038;ssl=1 728w, https:\/\/i2.wp.com\/www.sidwaya.info\/wp-content\/uploads\/2019\/05\/2-12.jpg?resize=300%2C200&#038;ssl=1 300w, https:\/\/i2.wp.com\/www.sidwaya.info\/wp-content\/uploads\/2019\/05\/2-12.jpg?resize=696%2C465&#038;ssl=1 696w, https:\/\/i2.wp.com\/www.sidwaya.info\/wp-content\/uploads\/2019\/05\/2-12.jpg?resize=629%2C420&#038;ssl=1 629w\" sizes=\"auto, (max-width: 696px) 100vw, 696px\" alt=\"\" title=\"2\"\/><\/a><\/div>\n<div class=\"td-a-rec td-a-rec-id-content_top td_uid_30_5ce31fbead0f7_rand td_block_template_1\"><img loading=\"lazy\" decoding=\"async\" class=\"aligncenter size-full wp-image-4463\" src=\"https:\/\/www.sidwaya.info\/wp-content\/uploads\/2019\/02\/FESPACO-TOUR-2019-Bannie%CC%80re-728x90-1.jpg\" alt=\"\" width=\"728\" height=\"90\"\/><\/div>\n<p><strong>Dans leur mouvement de d\u00e9nonciation de la paralysie de l\u2019appareil judiciaire, les avocats, avec leur t\u00eate le b\u00e2tonnier, Me Paulin Marcelin Salamb\u00e9r\u00e9, ont organis\u00e9, le lundi 20 mai 2019, un sit-in devant la Maison d\u2019arr\u00eat et de correction de Ouagadougou (MACO). La manifestation a \u00e9t\u00e9 suivie d\u2019une conf\u00e9rence de presse.<\/strong><\/p>\n<p>Les avocats continuent d\u2019exiger de l\u2019Etat, le respect des droits des personnes d\u00e9tenues dans tout le pays, notamment d\u2019\u00eatre jug\u00e9s dans des d\u00e9lais raisonnables, d\u2019\u00eatre gard\u00e9s \u00e0 vue dans les d\u00e9lais l\u00e9gaux, et d\u2019\u00eatre visit\u00e9s par leurs proches. R\u00e9pondant \u00e0 l\u2019appel de leur Assembl\u00e9e g\u00e9n\u00e9rale (AG) tenue le 6 mai dernier, ils \u00e9taient, hier lundi 20 mai 2019 devant la Maison d\u2019arr\u00eat et de correction de Ouagadougou (MACO).<\/p>\n<p>Pendant plus d\u2019une heure, les d\u00e9fenseurs de la veuve et de l\u2019orphelin ont d\u00e9nonc\u00e9 une \u00abjustice gripp\u00e9e, au ralenti, s\u00e9lective\u00bb, disant non aux cons\u00e9quences des revendications sociales sur les d\u00e9tenus. \u00abOui au droit d\u2019acc\u00e8s \u00e0 la justice dans les d\u00e9lais respectueux des droits humains, oui \u00e0 la continuit\u00e9 de la justice, \u00e0 une justice efficace\u00bb, ont-ils cri\u00e9. \u00abIls pensent que \u00e7a n\u2019arrive qu\u2019aux autres jusqu\u2019\u00e0 ce que ce soit leur tour\u00bb, ont lanc\u00e9 les manifestants \u00e0 l\u2019endroit des dirigeants. La suite du mouvement de l\u2019Ordre professionnel a \u00e9t\u00e9 une conf\u00e9rence de presse anim\u00e9e par le b\u00e2tonnier, Me Paulin Marcelin Salamb\u00e9r\u00e9 et ses collaborateurs.<\/p>\n<p>Constatant que les actions engag\u00e9es jusque-l\u00e0 n\u2019ont pas \u00e9t\u00e9 suivies d\u2019effet, l\u2019AG des avocats, d\u2019apr\u00e8s Me Salamb\u00e9r\u00e9, a initi\u00e9 le sit-in, le point de presse, la saisine d\u2019institutions internationales d\u2019avocats et la d\u00e9nonciation de la violation des droits humains aupr\u00e8s des commissions et Cours internationales. Au sujet du bien-fond\u00e9 du mouvement, le b\u00e2tonnier a expliqu\u00e9 qu\u2019il ne s\u2019agit pas pour le barreau, d\u2019arbitrer un diff\u00e9rend ni de prendre parti dans un conflit entre l\u2019Etat et ses agents, mais de d\u00e9noncer la \u00abparalysie totale\u00bb du syst\u00e8me judicaire, dysfonctionnement \u00abg\u00e9n\u00e9rateur\u00bb de violations de droits humains et \u00abv\u00e9ritable n\u00e9gation\u00bb de l\u2019Etat de droit. \u00abIl ne s\u2019agit pas d\u2019une lutte ni syndicale, ni pour des int\u00e9r\u00eats corporatistes, ni de chapelle politique\u00bb, a soutenu le principal conf\u00e9rencier pour qui les acquis de la lutte ne b\u00e9n\u00e9ficieront qu\u2019aux citoyens et \u00e0 l\u2019Etat de droit.<\/p>\n<p><strong>\u00abLes lignes bougent difficilement\u00bb<\/strong><\/p>\n<p>Par ailleurs, en attendant de voir la reprise effective du travail dans les greffes, les avocats ont salu\u00e9 l\u2019esprit de dialogue ayant permis au gouvernement et au syndicat des greffiers de parvenir \u00e0 un accord dans ce sens. Ils n\u2019oublient pas pour autant le blocage de la cha\u00eene p\u00e9nale qui, au regard de la situation s\u00e9curitaire actuelle, cr\u00e9e une v\u00e9ritable menace pour le Burkina Faso, en ce qu\u2019il instaure un \u00absentiment d\u2019impunit\u00e9 g\u00e9n\u00e9ralis\u00e9\u00bb pouvant ouvrir la voie \u00e0 l\u2019accroissement de la d\u00e9linquance. Esp\u00e9rant \u00e9galement une entente entre le gouvernement et les agents de la Garde de s\u00e9curit\u00e9 p\u00e9nitentiaire (GSP), le b\u00e2tonnier a inform\u00e9 que l\u2019AG souveraine de la profession d\u00e9cidera de la suite de la lutte, le 27 mai prochain. \u00abVotre action ne bloque-t-il pas davantage l\u2019appareil judiciaire ?\u00bb, s\u2019est inqui\u00e9t\u00e9 une journaliste. Me Salamb\u00e9r\u00e9 a r\u00e9pondu qu\u2019au lancement du d\u00e9brayage, l\u2019activit\u00e9 juridictionnelle \u00e9tait \u00e0 l\u2019\u00e9tape z\u00e9ro.<\/p>\n<p>Concernant le tribunal militaire emp\u00each\u00e9 de fonctionner, les conf\u00e9renciers ont confi\u00e9 qu\u2019on ne peut faire des omelettes sans casser des \u0153ufs. S\u2019agissant de la \u00abfaible\u00bb mobilisation des avocats lors des manifestations, le responsable du barreau a rassur\u00e9 qu\u2019il n\u2019y a aucune fracture entre les Hommes en robe noire et que c\u2019est la premi\u00e8re fois qu\u2019un mouvement de la profession mobilise autant. En termes d\u2019acquis de la lutte, les hommes de droit ont dit que \u00ables lignes bougent difficilement\u00bb et que les ministres du secteur judicaire, interpell\u00e9s par correspondance, n\u2019ont pas r\u00e9agi. Quid du soutien des organisations de d\u00e9fense des droits humains \u00e0 l\u2019action en cours ? \u00abBeaucoup de structures ont voulu nous soutenir, mais nous leur avons fait comprendre que le mouvement est professionnel et ne concerne que les avocats\u00bb, a expliqu\u00e9 le b\u00e2tonnier.<\/p>\n<p class=\"c1\"><strong>Jean Philibert SOME<\/strong><\/p>\n<div class=\"td-a-rec td-a-rec-id-content_bottom td_uid_31_5ce31fbead28f_rand td_block_template_1\"><img loading=\"lazy\" decoding=\"async\" class=\"alignright size-full wp-image-1724\" src=\"https:\/\/www.sidwaya.info\/wp-content\/uploads\/2018\/12\/sidwaya-pub.jpg\" alt=\"\" width=\"720\" height=\"90\"\/><\/div>\n<p>Auteur: JK. Sidwaya<br \/>\n<a href=\"https:\/\/www.sidwaya.info\/blog\/2019\/05\/20\/sit-in-des-avocats-pour-la-defense-de-letat-de-droit\/\">Cliquez ici pour lire l&rsquo;article depuis sa source.<\/a><\/p>\n","protected":false},"excerpt":{"rendered":"<p>Dans leur mouvement de d\u00e9nonciation de la paralysie de l\u2019appareil judiciaire, les avocats, avec leur t\u00eate le b\u00e2tonnier, Me Paulin Marcelin Salamb\u00e9r\u00e9, ont organis\u00e9, le lundi 20 mai 2019, un sit-in devant la Maison d\u2019arr\u00eat et de correction de Ouagadougou (MACO). La manifestation a \u00e9t\u00e9 suivie d\u2019une conf\u00e9rence de presse. Les avocats continuent d\u2019exiger de [&hellip;]<\/p>\n","protected":false},"author":1816,"featured_media":0,"comment_status":"closed","ping_status":"closed","sticky":false,"template":"","format":"standard","meta":{"fifu_image_url":"","fifu_image_alt":"","footnotes":""},"categories":[73,81],"tags":[],"class_list":["post-35537","post","type-post","status-publish","format-standard","hentry","category-actualite","category-burkina-faso"],"_links":{"self":[{"href":"https:\/\/linitiative.ca\/International\/wp-json\/wp\/v2\/posts\/35537","targetHints":{"allow":["GET"]}}],"collection":[{"href":"https:\/\/linitiative.ca\/International\/wp-json\/wp\/v2\/posts"}],"about":[{"href":"https:\/\/linitiative.ca\/International\/wp-json\/wp\/v2\/types\/post"}],"author":[{"embeddable":true,"href":"https:\/\/linitiative.ca\/International\/wp-json\/wp\/v2\/users\/1816"}],"replies":[{"embeddable":true,"href":"https:\/\/linitiative.ca\/International\/wp-json\/wp\/v2\/comments?post=35537"}],"version-history":[{"count":0,"href":"https:\/\/linitiative.ca\/International\/wp-json\/wp\/v2\/posts\/35537\/revisions"}],"wp:attachment":[{"href":"https:\/\/linitiative.ca\/International\/wp-json\/wp\/v2\/media?parent=35537"}],"wp:term":[{"taxonomy":"category","embeddable":true,"href":"https:\/\/linitiative.ca\/International\/wp-json\/wp\/v2\/categories?post=35537"},{"taxonomy":"post_tag","embeddable":true,"href":"https:\/\/linitiative.ca\/International\/wp-json\/wp\/v2\/tags?post=35537"}],"curies":[{"name":"wp","href":"https:\/\/api.w.org\/{rel}","templated":true}]}}