{"id":35538,"date":"2019-05-20T16:19:02","date_gmt":"2019-05-20T20:19:02","guid":{"rendered":"https:\/\/linitiative.ca\/International\/prevention-de-lextremisme-violent-le-conseil-de-lentente-en-quete-de-solutions\/"},"modified":"2019-05-20T16:19:02","modified_gmt":"2019-05-20T20:19:02","slug":"prevention-de-lextremisme-violent-le-conseil-de-lentente-en-quete-de-solutions","status":"publish","type":"post","link":"https:\/\/linitiative.ca\/International\/prevention-de-lextremisme-violent-le-conseil-de-lentente-en-quete-de-solutions\/","title":{"rendered":"Pr\u00e9vention de l\u2019extr\u00e9misme violent : le Conseil de l\u2019Entente  en qu\u00eate de solutions"},"content":{"rendered":"<div class=\"td-post-featured-image\"><a href=\"https:\/\/i1.wp.com\/www.sidwaya.info\/wp-content\/uploads\/2019\/05\/1-50.jpg?fit=728%2C485&#038;ssl=1\" data-caption=\"\"><img loading=\"lazy\" decoding=\"async\" width=\"696\" height=\"464\" class=\"entry-thumb td-modal-image\" src=\"https:\/\/i1.wp.com\/www.sidwaya.info\/wp-content\/uploads\/2019\/05\/1-50.jpg?resize=696%2C464&#038;ssl=1\" srcset=\"https:\/\/i1.wp.com\/www.sidwaya.info\/wp-content\/uploads\/2019\/05\/1-50.jpg?w=728&#038;ssl=1 728w, https:\/\/i1.wp.com\/www.sidwaya.info\/wp-content\/uploads\/2019\/05\/1-50.jpg?resize=300%2C200&#038;ssl=1 300w, https:\/\/i1.wp.com\/www.sidwaya.info\/wp-content\/uploads\/2019\/05\/1-50.jpg?resize=696%2C464&#038;ssl=1 696w, https:\/\/i1.wp.com\/www.sidwaya.info\/wp-content\/uploads\/2019\/05\/1-50.jpg?resize=630%2C420&#038;ssl=1 630w\" sizes=\"auto, (max-width: 696px) 100vw, 696px\" alt=\"\" title=\"1\"\/><\/a><\/div>\n<div class=\"td-a-rec td-a-rec-id-content_top td_uid_30_5ce31fc1a2cb7_rand td_block_template_1\"><img loading=\"lazy\" decoding=\"async\" class=\"aligncenter size-full wp-image-4463\" src=\"https:\/\/www.sidwaya.info\/wp-content\/uploads\/2019\/02\/FESPACO-TOUR-2019-Bannie%CC%80re-728x90-1.jpg\" alt=\"\" width=\"728\" height=\"90\"\/><\/div>\n<p><strong>Les pays-membres du Conseil de l\u2019Entente tiennent, du 20 au 22 mai 2019 \u00e0 Ouagadougou, leur 2e atelier d\u2019\u00e9changes d\u2019exp\u00e9riences et d\u2019analyses sur la pr\u00e9vention de l\u2019extr\u00e9misme violent.<\/strong><\/p>\n<p>Les terroristes usent de tous les stratag\u00e8mes pour semer la discorde entre l\u2019Etat et les citoyens, mais aussi entre les communaut\u00e9s, les religions \u2026 avec des cons\u00e9quences parfois d\u00e9sastreuses pour le vivre-ensemble et le d\u00e9veloppement socio\u00e9conomique. Pour \u00e9viter de pareilles situations, le Conseil de l\u2019Entente a adopt\u00e9 une strat\u00e9gie de la pr\u00e9vention qui se tient du 20 au 22 mai 2019 \u00e0 Ouagadougou, le second atelier d\u2019\u00e9changes d\u2019exp\u00e9riences et d\u2019analyses sur la pr\u00e9vention de l\u2019extr\u00e9misme violent. Organis\u00e9 sous le th\u00e8me : \u00abDialogue inclusif, dialogue entre le centre et la p\u00e9riph\u00e9rie et dialogue transfrontalier comme outils de pr\u00e9vention de la violence\u00bb, ladite rencontre abordera les d\u00e9fis de la pacification, de la s\u00e9curisation et du d\u00e9veloppement des zones p\u00e9riph\u00e9riques au sein des Etats et des espaces transfrontaliers, en mettant l\u2019accent sur la pr\u00e9vention. \u00abIl s\u2019agit donc de cr\u00e9er un espace de dialogue inclusif entre les acteurs au sein des Etats\u00bb, a expliqu\u00e9 le ministre de l\u2019Int\u00e9gration africaine et des Burkinab\u00e8 de l\u2019ext\u00e9rieur, Paul Robert Tiendreb\u00e9ogo. Selon le Secr\u00e9taire ex\u00e9cutif (SE) du Conseil de l\u2019Entente, Patrice Kouam\u00e9, les espaces frontaliers apparaissent aujourd\u2019hui comme le maillon faible de l\u2019action publique. \u00abIl nous appartient de mener des r\u00e9flexions approfondies, trouver les causes du mal et proposer des solutions aux gouvernements.<\/p>\n<p>Pour ce faire, le Conseil de l\u2019Entente est en train d\u2019\u00e9laborer un programme int\u00e9gr\u00e9 de d\u00e9veloppement de ces espaces et invite les organisations r\u00e9gionales, sous r\u00e9gionales et les partenaires au d\u00e9veloppement \u00e0 une plus grande synergie pour faire des fronti\u00e8res, des p\u00f4les de d\u00e9veloppement en vue d\u2019inverser les tendances\u00bb, a-t-il soulign\u00e9. D\u2019ores et d\u00e9j\u00e0, l\u2019institution, de son avis, a inscrit trois mesures dans son plan de pr\u00e9vention. Il s\u2019agit de l\u2019institution d\u2019une r\u00e9union annuelle des ministres charg\u00e9s de la S\u00e9curit\u00e9 et de la mise en place d\u2019un m\u00e9canisme entente de renseignements, lequel a \u00e9t\u00e9 approuv\u00e9 par les ministres en charge de la S\u00e9curit\u00e9 et le conseil des ministres de l\u2019espace. \u00abIl (m\u00e9canisme) sera, d\u2019ailleurs soumis \u00e0 la prochaine conf\u00e9rence des chefs d\u2019Etat\u00bb, a indiqu\u00e9 M. Kouam\u00e9.<\/p>\n<p><strong>Ramener la coh\u00e9sion sociale<\/strong><\/p>\n<p>Il est \u00e9galement question de la mise en place d\u2019un m\u00e9canisme-entente de pr\u00e9vention, de m\u00e9diation et de gestion des conflits en relation avec la CEDEAO. A ces trois mesures, il faut ajouter le renforcement des capacit\u00e9s des forces de d\u00e9fense et de s\u00e9curit\u00e9 par la duplication des bonnes pratiques.<\/p>\n<p>\u00abCes dispositifs ont pour but de faciliter et d\u2019encourager le dialogue entre les diff\u00e9rents acteurs impliqu\u00e9s dans la mise en \u0153uvre des politiques publiques dans le domaine de la paix et de la s\u00e9curit\u00e9\u00bb, a soutenu le secr\u00e9taire ex\u00e9cutif. Quant au ministre en charge de l\u2019int\u00e9gration africaine, il a indiqu\u00e9 que les moyens d\u2019\u00e9liminer les causes profondes de l\u2019extr\u00e9misme violent et du terrorisme sont, entre autres, la lutte contre la pauvret\u00e9 et les in\u00e9galit\u00e9s, le partage \u00e9quitable des richesses et des fruits de la croissance entre les individus et les r\u00e9gions, la cr\u00e9ation d\u2019emplois pour les jeunes, la bonne gouvernance et le dialogue social permanent.<\/p>\n<p>\u00abC\u2019est une responsabilit\u00e9 individuelle et collective et chacun doit accepter et assumer la sienne\u00bb, a pr\u00e9cis\u00e9 M. Tiendreb\u00e9ogo. Cette rencontre se tient apr\u00e8s celle de mai 2018 \u00e0 Abidjan. \u00abNous avons choisi Ouagadougou au Burkina Faso, pour marquer notre solidarit\u00e9 avec le peuple burkinab\u00e8 face \u00e0 cette agression permanente dont il est victime au quotidien\u00bb, a expliqu\u00e9 le SE du Conseil de l\u2019Entente.<\/p>\n<p class=\"c1\"><strong>Fleur BIRBA<\/strong><br \/><strong>fleurbirba@gmail.com<\/strong><\/p>\n<div class=\"td-a-rec td-a-rec-id-content_bottom td_uid_31_5ce31fc1a2e35_rand td_block_template_1\"><img loading=\"lazy\" decoding=\"async\" class=\"alignright size-full wp-image-1724\" src=\"https:\/\/www.sidwaya.info\/wp-content\/uploads\/2018\/12\/sidwaya-pub.jpg\" alt=\"\" width=\"720\" height=\"90\"\/><\/div>\n<p>Auteur: JK. Sidwaya<br \/>\n<a href=\"https:\/\/www.sidwaya.info\/blog\/2019\/05\/20\/prevention-de-lextremisme-violent-le-conseil-de-lentente-en-quete-de-solutions\/\">Cliquez ici pour lire l&rsquo;article depuis sa source.<\/a><\/p>\n","protected":false},"excerpt":{"rendered":"<p>Les pays-membres du Conseil de l\u2019Entente tiennent, du 20 au 22 mai 2019 \u00e0 Ouagadougou, leur 2e atelier d\u2019\u00e9changes d\u2019exp\u00e9riences et d\u2019analyses sur la pr\u00e9vention de l\u2019extr\u00e9misme violent. Les terroristes usent de tous les stratag\u00e8mes pour semer la discorde entre l\u2019Etat et les citoyens, mais aussi entre les communaut\u00e9s, les religions \u2026 avec des cons\u00e9quences [&hellip;]<\/p>\n","protected":false},"author":1816,"featured_media":0,"comment_status":"closed","ping_status":"closed","sticky":false,"template":"","format":"standard","meta":{"fifu_image_url":"","fifu_image_alt":"","footnotes":""},"categories":[73,81],"tags":[],"class_list":["post-35538","post","type-post","status-publish","format-standard","hentry","category-actualite","category-burkina-faso"],"_links":{"self":[{"href":"https:\/\/linitiative.ca\/International\/wp-json\/wp\/v2\/posts\/35538","targetHints":{"allow":["GET"]}}],"collection":[{"href":"https:\/\/linitiative.ca\/International\/wp-json\/wp\/v2\/posts"}],"about":[{"href":"https:\/\/linitiative.ca\/International\/wp-json\/wp\/v2\/types\/post"}],"author":[{"embeddable":true,"href":"https:\/\/linitiative.ca\/International\/wp-json\/wp\/v2\/users\/1816"}],"replies":[{"embeddable":true,"href":"https:\/\/linitiative.ca\/International\/wp-json\/wp\/v2\/comments?post=35538"}],"version-history":[{"count":0,"href":"https:\/\/linitiative.ca\/International\/wp-json\/wp\/v2\/posts\/35538\/revisions"}],"wp:attachment":[{"href":"https:\/\/linitiative.ca\/International\/wp-json\/wp\/v2\/media?parent=35538"}],"wp:term":[{"taxonomy":"category","embeddable":true,"href":"https:\/\/linitiative.ca\/International\/wp-json\/wp\/v2\/categories?post=35538"},{"taxonomy":"post_tag","embeddable":true,"href":"https:\/\/linitiative.ca\/International\/wp-json\/wp\/v2\/tags?post=35538"}],"curies":[{"name":"wp","href":"https:\/\/api.w.org\/{rel}","templated":true}]}}